{"id":96981,"date":"2024-06-13T10:35:47","date_gmt":"2024-06-13T16:35:47","guid":{"rendered":"https:\/\/ovelanalista.com\/?p=96981"},"modified":"2024-06-13T10:28:28","modified_gmt":"2024-06-13T16:28:28","slug":"una-singular-luna-de-miel","status":"publish","type":"post","link":"https:\/\/ovelanalista.com\/?p=96981","title":{"rendered":"Una singular luna de miel"},"content":{"rendered":"<p><strong>La Espinita<\/strong><\/p>\n<p><strong>Andy S. K. Brown<\/strong><\/p>\n<ul>\n<li>Una singular luna de miel<\/li>\n<li>Errado \u201cno se preocupen\u201d<\/li>\n<li>Duro canibalismo en el PAN<\/li>\n<\/ul>\n<p>&nbsp;<\/p>\n<p>Luego del cachondeo y el besuqueo del lunes, cualquiera hubiera esperado que las efusivas muestras de aprecio y cari\u00f1o prosiguieran el fin de semana que est\u00e1 por concluir.<\/p>\n<p>Que se dar\u00eda una especie de \u201cluna de miel\u201d que ser\u00eda del todo singular.<\/p>\n<p>Y as\u00ed ser\u00e1: La singularidad: que ambos viajar\u00e1n por separado.<\/p>\n<p>Distintos aviones. Militar, para \u00e9l. De l\u00ednea comercial, para ella.<\/p>\n<p>Y no, no s\u00f3lo porque ella no tenga permitido usar recursos p\u00fablicos, como por ah\u00ed se arguy\u00f3, pues en ese caso la se\u00f1ora debi\u00f3 haber llevado sus platos, vasos y cubiertos a la comida que sostuvieron ese lunes en Palacio Nacional.<\/p>\n<p>La realidad es que ambos no viajaran en los mismos aviones por cuestiones de seguridad. En caso de que, por ejemplo, el militar cayera a tierra no sobrevivir\u00eda su pasajero principal, pero s\u00ed lo conseguir\u00eda ella viajando en un avi\u00f3n comercial.<\/p>\n<p>No volar\u00e1n juntos, pero se encontrar\u00e1n en los aeropuertos, donde otra vez habr\u00e1 cachondeos y besuqueos, seguramente.<\/p>\n<p>* * *<\/p>\n<p>\u201cNo te preocupes, Rosario\u201d, dijo Enrique Pe\u00f1a Nieto a Robles\u2026 \u00a1y as\u00ed le fue a quien fuera su dos veces secretaria de Despacho!<\/p>\n<p>\u201cNo se preocupen\u201d dijo Claudia Sheinbaum en un video a inversionistas nacionales y extranjeros\u2026 \u00a1y el peso cay\u00f3 y cay\u00f3 \u201ccuesta bajo en su rodada\u201d!<\/p>\n<p>Nadie cree en la palabra de los pol\u00edticos, independientemente del partido del que provengan o del alto cargo que ocupen.<\/p>\n<p>Robles se despreocup\u00f3 un rato y al cambio de gobierno los pri\u00edstas EPN y, sobre todo, Osorio Chong, quienes la usaron y abusaron, la dejaron sola frente a los embates de la 4T.<\/p>\n<p>Los inversionistas de hoy s\u00ed que est\u00e1n preocupados y ponen en orden sus finanzas, sacando recursos del pa\u00eds que tendr\u00e1 en la C\u00e1mara de Diputados una aplastante mayor\u00eda para, en septiembre, hacer lo que les ordene, cualquier locura que se le ocurra a quien solo le queden 30 d\u00edas en el poder.<\/p>\n<p>\u00a1Preoc\u00fapense, mexicanos!<\/p>\n<p>* * *<\/p>\n<p>Se han desatado las hordas blanquiazules en contra de su dirigente formal Marko Cort\u00e9s.<\/p>\n<p>Panistas de distintos signos y procedencias piden que deje el cargo de presidente del Comit\u00e9 Ejecutivo a la de ya.<\/p>\n<p>La principal acusaci\u00f3n que blanden en su contra es la alianza con el PRI, una acci\u00f3n pragm\u00e1tica para enfrentar a la aplanadora de Morena que result\u00f3 fallida.<\/p>\n<p>\u00bfPedir\u00edan la renuncia de Cort\u00e9s de haber ganado la elecciones?<\/p>\n<p>Obviamente, no.<\/p>\n<p>Los detractores del dirigente panista \u00a1tambi\u00e9n son pragm\u00e1ticos!<\/p>\n<p>@AndySKBrown1<\/p>\n","protected":false},"excerpt":{"rendered":"<p>La Espinita Andy S. K. Brown Una singular luna de miel Errado \u201cno se preocupen\u201d Duro canibalismo en el PAN &nbsp; Luego del cachondeo y el besuqueo del lunes, cualquiera hubiera esperado que las efusivas muestras de aprecio y cari\u00f1o prosiguieran el fin de semana que est\u00e1 por concluir. Que se dar\u00eda una especie de \u201cluna de miel\u201d que ser\u00eda del todo singular. Y as\u00ed ser\u00e1: La singularidad: que ambos viajar\u00e1n por separado. Distintos aviones. Militar, para \u00e9l. De l\u00ednea comercial, para ella. Y no, no s\u00f3lo porque ella no tenga permitido usar recursos p\u00fablicos, como por ah\u00ed se arguy\u00f3, [&hellip;]<\/p>\n","protected":false},"author":3,"featured_media":89493,"comment_status":"open","ping_status":"open","sticky":false,"template":"","format":"standard","meta":{"_jetpack_newsletter_access":"","_jetpack_dont_email_post_to_subs":false,"_jetpack_newsletter_tier_id":0,"_jetpack_memberships_contains_paywalled_content":false,"_jetpack_feature_clip_id":0,"_jetpack_memberships_contains_paid_content":false,"footnotes":"","jetpack_publicize_message":"","jetpack_publicize_feature_enabled":true,"jetpack_social_post_already_shared":true,"jetpack_social_options":{"image_generator_settings":{"template":"highway","default_image_id":0,"font":"","enabled":false},"version":2},"jetpack_post_was_ever_published":false},"categories":[79],"tags":[],"class_list":["post-96981","post","type-post","status-publish","format-standard","has-post-thumbnail","hentry","category-columnistas-nacionales","post--single"],"jetpack_publicize_connections":[],"jetpack_featured_media_url":"https:\/\/ovelanalista.com\/wp-content\/uploads\/2024\/01\/Andy-S.-K.-Brown.jpeg","jetpack_sharing_enabled":true,"_links":{"self":[{"href":"https:\/\/ovelanalista.com\/index.php?rest_route=\/wp\/v2\/posts\/96981","targetHints":{"allow":["GET"]}}],"collection":[{"href":"https:\/\/ovelanalista.com\/index.php?rest_route=\/wp\/v2\/posts"}],"about":[{"href":"https:\/\/ovelanalista.com\/index.php?rest_route=\/wp\/v2\/types\/post"}],"author":[{"embeddable":true,"href":"https:\/\/ovelanalista.com\/index.php?rest_route=\/wp\/v2\/users\/3"}],"replies":[{"embeddable":true,"href":"https:\/\/ovelanalista.com\/index.php?rest_route=%2Fwp%2Fv2%2Fcomments&post=96981"}],"version-history":[{"count":1,"href":"https:\/\/ovelanalista.com\/index.php?rest_route=\/wp\/v2\/posts\/96981\/revisions"}],"predecessor-version":[{"id":96985,"href":"https:\/\/ovelanalista.com\/index.php?rest_route=\/wp\/v2\/posts\/96981\/revisions\/96985"}],"wp:featuredmedia":[{"embeddable":true,"href":"https:\/\/ovelanalista.com\/index.php?rest_route=\/wp\/v2\/media\/89493"}],"wp:attachment":[{"href":"https:\/\/ovelanalista.com\/index.php?rest_route=%2Fwp%2Fv2%2Fmedia&parent=96981"}],"wp:term":[{"taxonomy":"category","embeddable":true,"href":"https:\/\/ovelanalista.com\/index.php?rest_route=%2Fwp%2Fv2%2Fcategories&post=96981"},{"taxonomy":"post_tag","embeddable":true,"href":"https:\/\/ovelanalista.com\/index.php?rest_route=%2Fwp%2Fv2%2Ftags&post=96981"}],"curies":[{"name":"wp","href":"https:\/\/api.w.org\/{rel}","templated":true}]}}