{"id":96988,"date":"2024-06-13T11:36:41","date_gmt":"2024-06-13T17:36:41","guid":{"rendered":"https:\/\/ovelanalista.com\/?p=96988"},"modified":"2024-06-13T11:36:41","modified_gmt":"2024-06-13T17:36:41","slug":"amlo-irreductible-eleccion-de-ministros","status":"publish","type":"post","link":"https:\/\/ovelanalista.com\/?p=96988","title":{"rendered":"AMLO: \u201cIrreductible\u201d elecci\u00f3n de ministros"},"content":{"rendered":"<p><strong>Estado de los ESTADOS<\/strong><\/p>\n<p><strong>Lilia Arellano<\/strong><\/p>\n<blockquote><p>\u201cCuando el infierno son los otros, el para\u00edso no es uno mismo\u201d: Mario Benedetti<\/p><\/blockquote>\n<ul>\n<li>AMLO: \u201cIrreductible\u201d elecci\u00f3n de ministros<\/li>\n<li>Claudia Sheinbaum gira y secunda reformas<\/li>\n<li>Aumenta el endeudamiento; peso en picada<\/li>\n<li>PRI y PAN enfrentan rebeli\u00f3n de militantes<\/li>\n<\/ul>\n<p>&nbsp;<\/p>\n<p>Ciudad de M\u00e9xico, 12 de junio de 2024.- Mientras el Banco Mundial anticipa una desaceleraci\u00f3n de la econom\u00eda mexicana en los primeros dos a\u00f1os de gobierno de la virtual presidenta electa Claudia Sheinbaum, como resultado de la restricci\u00f3n de pol\u00edticas fiscal y monetaria, y Citibanamex advierte sobre la aprobaci\u00f3n de las diferentes reformas propuestas y presentadas por el presidente Andr\u00e9s Manuel L\u00f3pez Obrador, \u00e9ste ataja: la elecci\u00f3n de ministros, magistrados y jueces es \u201cirreductible\u201d, aunque se realice una consulta con todos los actores pol\u00edticos. Todo ello se traduce en una reforma eminentemente pol\u00edtica y alejada de cualquier certeza sobre la instalaci\u00f3n de un Estado de Derecho como el demandado con urgencia ante una creciente criminalidad.<\/p>\n<p>Claudia Sheinbaum tambi\u00e9n advierte a los inversionistas, ante la volatilidad del tipo de cambio y los pron\u00f3sticos de los analistas econ\u00f3micos, as\u00ed como la ca\u00edda de la Bolsa Mexicana de Valores, que no debe haber \u201cpreocupaciones\u201d por la aprobaci\u00f3n de la reforma al Poder Judicial, la cual plantea como \u00fanico punto y objetivo la elecci\u00f3n mediante voto popular de ministros, magistrados y jueces. La virtual presidenta electa trat\u00f3, hace unos d\u00edas, de calmar los mercados se\u00f1alando no hab\u00eda, todav\u00eda, ninguna aprobaci\u00f3n y se instalar\u00edan foros para tratar el tema y \u00e9stos estar\u00edan compuestos por especialistas, sin embargo, el Ejecutivo federal ya asegur\u00f3 en su ma\u00f1anera: \u201cva\u201d.<\/p>\n<p>No hay temor a cambios y la urgencia de hacer reformas existe, pero no mezcladas con la pol\u00edtica y mucho menos la desgastada electoral. La repercusi\u00f3n se presenta en donde se debe, en el terreno de las finanzas, de las inversiones. Quienes exponen su dinero requieren de la certeza de gobiernos fuertes, de monedas apalancadas, de un Estado de Derecho en donde todos, dentro y fuera del gobierno respeten la ley y, eso, no est\u00e1 contemplado en la iniciativa presidencial por imponer. Inexplicablemente y ante sus propios reportes, el Banco Mundial sigue concedi\u00e9ndole cr\u00e9ditos millonarios a nuestro pa\u00eds. En estos \u00faltimos cuatro a\u00f1os ha destinado como empr\u00e9stito cerca de 4 mil millones de d\u00f3lares, cifra negada una y otra vez por el primer mandatario, pero reportada puntualmente por esta instituci\u00f3n. Lo desconocido y preocupante, por no tener la informaci\u00f3n debida, es como lo han avalado, cu\u00e1les son las garant\u00edas ofrecidas ante un decrecimiento en los porcentajes de crecimiento reportados por ellos mismos.<\/p>\n<p>A su vez, Citibanamex advirti\u00f3 en su reporte econ\u00f3mico diario: \u201cs\u00ed, L\u00f3pez Obrador insiste en forzar una apresurada autorizaci\u00f3n legislativa para estas y otras reformas en septiembre pr\u00f3ximo debilitar\u00eda estructuralmente las condiciones de arranque para el gobierno entrante de Claudia Sheinbaum\u2026 Tambi\u00e9n las perspectivas para materializar la oportunidad hist\u00f3rica planteada en el nearshoring\u201d. Respecto a los mercados financieros, se advierte siguen reaccionando negativamente al aumento del riesgo pol\u00edtico, por lo que: \u201cde aprobarse, estas reformas conducir\u00edan al pa\u00eds por una senda de debilitamiento institucional, eliminar\u00edan controles, contrapesos y avanzar\u00eda el proceso de centralizaci\u00f3n pol\u00edtica\u201d.<\/p>\n<p>Mientras persista dicha incertidumbre, ser\u00e1 m\u00e1s dif\u00edcil prever escenarios macroecon\u00f3micos y puntualiza: \u201cla reacci\u00f3n del mercado sugiere que la perspectiva de ese escenario podr\u00eda disuadir la inversi\u00f3n y, por tanto, debilitar la estabilidad macro y las perspectivas de crecimiento\u201d. Sin embargo, el presidente L\u00f3pez Obrador ataj\u00f3: su gobierno continuar\u00e1 con la reforma al Poder Judicial a pesar de cualquier nerviosismo que pueda surgir en los mercados financieros.<\/p>\n<p>Ante la volatilidad del peso mexicano y la turbulencia causada en la Bolsa Mexicana de Valores por las declaraciones primero del l\u00edder de Morena en la C\u00e1mara de Diputados y, posteriormente, por el presidente Andr\u00e9s Manuel L\u00f3pez Obrador y la reafirmaci\u00f3n de la presidenta electa Claudia Sheinbaum de sacar adelante el \u201cPlan C\u201d legislativo el cual incluye la reforma judicial y la eliminaci\u00f3n de contrapesos democr\u00e1ticos, la ex jefa de Gobierno de la Ciudad de M\u00e9xico se\u00f1al\u00f3 en rueda de prensa realizada en la casa de transici\u00f3n, que en M\u00e9xico \u201chay certidumbre de la inversi\u00f3n\u201d porque adem\u00e1s hay estabilidad econ\u00f3mica y estabilidad pol\u00edtica y social.<\/p>\n<p>Si al jaloneo relacionado con el Poder Judicial se suma el incremento de pensiones y de entrega de d\u00e1divas a quienes tienen 60 a\u00f1os de edad, a un n\u00famero mucho mayor de mujeres, de otras reformas en las cuales se busca integrar apoyos, propuestas realizadas por la presidenta electa, la incertidumbre en el rengl\u00f3n de las finanzas sanas crece al no contar el pa\u00eds con un porcentaje de crecimiento con el cual pueda asegurarse har\u00e1n entregas fuera del registro de d\u00e9ficit o deuda. El fondo es la larga cadena de desconfianza sembrada por el actual gobierno y su insistencia en convertirse en un r\u00e9gimen cuyas bases se desconocen.<\/p>\n<p>Tras reunirse en privado y de manera informal con la asesora del presidente Joe Biden para Seguridad Nacional, Elizabeth Sherwood-Randall, y el embajador de Estados Unidos en M\u00e9xico, Ken Salazar, Claudia Sheinbaum dijo a los inversionistas: \u201cel Estado de derecho, que la certidumbre existe, la tienen las leyes y adem\u00e1s cada vez es m\u00e1s en nuestro pa\u00eds, que no hay ning\u00fan problema para la inversi\u00f3n\u201d, pero advirti\u00f3 que \u201ctiene que avanzar la reforma al Poder Judicial\u201d, no s\u00f3lo porque \u201cfue parte de lo que se plante\u00f3 en la campa\u00f1a\u201d, sino, adem\u00e1s, porque \u201cfue el mandato del pueblo\u201d, y reiter\u00f3, refiri\u00e9ndose a ella misma \u201cno eligieron a una persona, se eligi\u00f3 a un proyecto que es la Cuarta Transformaci\u00f3n\u201d.<\/p>\n<p><strong>REBELI\u00d3N EN LAS FILAS OPOSITORAS<\/strong><\/p>\n<p>Luego de la disputa de nueve gubernaturas el pasado 2 de junio, de las cuales el PAN solo gan\u00f3 en Guanajuato y tuvo p\u00e9rdidas de diputados y senadores, trece exgobernadores del PAN se pronunciaron, a trav\u00e9s de una carta, por una renovaci\u00f3n de la dirigencia de Acci\u00f3n Nacional, buscando sea modelo de democracia interna, abierta a la militancia y no s\u00f3lo producto de acuerdos cupulares. En tanto, el PRI resinti\u00f3 una debacle largamente operada por Alejandro Moreno, en medio de sus disputas internas y esc\u00e1ndalos de corrupci\u00f3n. Mientras tanto, el PRD est\u00e1 en proceso de extinci\u00f3n a nivel nacional, aunque sigue pataleando para no morir.<\/p>\n<p>En un documento denominado \u201cUnidos por M\u00e9xico\u201d, los ex mandatarios panistas llamaron a entender a los mexicanos y se\u00f1alaron \u201cal PAN nos dijeron que no nos quieren en la Presidencia ni en la mayor\u00eda de los puestos federales y locales que se eligieron ese d\u00eda. La votaci\u00f3n que obtuvimos muestra una franca tendencia declinante y constante a la baja\u201d. \u201cEl PAN nos grit\u00f3 fuerte (el pueblo) cambias o te vas\u201d, advirtieron al actual dirigente nacional Marko Cort\u00e9s.<\/p>\n<p>Tambi\u00e9n exigieron vivir con autenticidad principios fundacionales sintetizados en el bien com\u00fan; ejercer con honestidad pol\u00edtica y econ\u00f3mica las responsabilidades p\u00fablicas; y subrayaron que el proyecto que dio origen a Acci\u00f3n Nacional en 1939 est\u00e1 pr\u00e1cticamente agotado, por lo que es necesaria la renovaci\u00f3n del partido, abri\u00e9ndolo a la ciudadan\u00eda. Los exgobernadores plantearon otras exigencias, como mantener el calendario para la renovaci\u00f3n del Comit\u00e9 Ejecutivo Nacional (CEN) del PAN en septiembre pr\u00f3ximo y no adelantar el proceso \u201ccon acuerdos concertados con los padrones, que tanto da\u00f1o han hecho al partido\u201d.<\/p>\n<p>Exigieron que Marko Cort\u00e9s \u201cdebe dar testimonio de que debemos manejar nuestra democracia interna como exigimos que el gobierno lo haga en toda la naci\u00f3n\u201d. \u201dPidieron analizar juntos, panistas y ciudadanos, los mecanismos para \u201cno tener nunca m\u00e1s en M\u00e9xico una elecci\u00f3n inequitativa, con los excesos del presidente de la Rep\u00fablica en favor de su partido\u201d; y reconocieron el trabajo de X\u00f3chitl G\u00e1lvez como candidata presidencial del PAN.<\/p>\n<p>En la cancha del PRI, tras recuperar la Presidencia de la Rep\u00fablica en 2012 con Enrique Pe\u00f1a Nieto, la perdida de votos ha sido una constante. En ese a\u00f1o, el tricolor obtuvo 16.3 millones de votos, pero en 2018 lleg\u00f3 solo a 7.6 millones y en la elecci\u00f3n del 2 de junio cay\u00f3 hasta 5.7 millones, cifra que lo dejar\u00e1 como la quinta fuerza en el Congreso de la Uni\u00f3n. De contar con 213 diputados hace 12 a\u00f1os, cuando fue la primera minor\u00eda en la c\u00e1mara, ahora su representaci\u00f3n se reducir\u00eda a 33 legisladores y en ese contexto prepara su 24 Asamblea Nacional, donde intentar\u00e1 renovarse, como ocurri\u00f3 en la 18 asamblea convocada despu\u00e9s de la derrota de 2000, ante Vicente Fox.<\/p>\n<p>Cuatro d\u00edas despu\u00e9s de las elecciones presidenciales, la dirigencia nacional del tricolor tom\u00f3 la decisi\u00f3n de convocar a una nueva asamblea, donde se prev\u00e9 -seg\u00fan el documento expedido el jueves pasado- modificar los estatutos. En las bases se anticipa: la asamblea puede discutir y acordar los asuntos que son de su competencia y que est\u00e1n previstos en el art\u00edculo 70 de sus estatutos, excepto la fracci\u00f3n III; que se refiere a la elecci\u00f3n del presidente y la secretar\u00eda general del partido, lo que alent\u00f3 la versi\u00f3n de que el dirigente nacional Alejandro Moreno busca reelegirse. \u201cAlito\u201d no solamente se concret\u00f3 a velar al partido que sac\u00f3 de terapia intensiva para llevarlo al estado de coma, sino ahora quiere organizar el sepelio y estar en primera fila en el entierro.<\/p>\n<p><strong>DE LOS PASILLOS<\/strong><\/p>\n<p>Una y otra vez se insiste en la conformaci\u00f3n de foros para discutir la Reforma al Poder Judicial y se publicita ser\u00e1n invitados los integrantes de barras y colegios de abogados y, tal vez as\u00ed sea y tal vez, solamente tal vez, se tomen algunas propuestas sobre el manejo interno, la reglamentaci\u00f3n en ministerios p\u00fablicos y juzgados pero, esa no es intenci\u00f3n de la iniciativa de AMLO. Lo \u00fanico importante y la instrucci\u00f3n es: mandenlos a buscar el voto. As\u00ed de claro\u2026<\/p>\n<p>\u00bfDe qu\u00e9 se trata? \u00bfEs la presentaci\u00f3n de la quincea\u00f1era en sociedad? De la mano iniciar\u00e1n una primera junta el primer mandatario y su sucesora, curiosamente a la zona considerada como \u201cel imperio del narco\u201d: Durango, Coahuila y Tamaulipas. Fueron las primeras entidades en donde se realizaron denuncias de pactos del r\u00e9gimen de la 4T con los operadores del narcotr\u00e1fico, confirmados por testigos protegidos que declararon en cortes de Estados Unidos, y esto debieron revisarlo antes de promocionar el viaje, el cual afirman se har\u00e1 por separado. O sea, \u00bfvan a exponer a la presidenta electa a recibir calificativos de todo tipo y chiflidos provenientes de pasajeros no simpatizantes de la 4T? Aunque tambi\u00e9n puede ser esta la primera visi\u00f3n de aprobaci\u00f3n si se producen aplausos y sonrisas \u00bfviajar\u00e1n en la misma aeronave servidores de la naci\u00f3n? \u00bfInicia CS su primera gira de campa\u00f1a de sucesi\u00f3n anticipada por \u00f3rdenes de yasabenquien, para no dejar duda de permanencia en el poder?<\/p>\n<p><strong>Lo invitamos a visitar nuestras redes:<\/strong><\/p>\n<p>https:\/\/www.youtube.com\/mxntelevision<br \/>\nhttps:\/\/www.youtube.com\/Liliaarellano<br \/>\nhttps:\/\/www.facebook.com\/1liliaarellano<\/p>\n","protected":false},"excerpt":{"rendered":"<p>Estado de los ESTADOS Lilia Arellano \u201cCuando el infierno son los otros, el para\u00edso no es uno mismo\u201d: Mario Benedetti AMLO: \u201cIrreductible\u201d elecci\u00f3n de ministros Claudia Sheinbaum gira y secunda reformas Aumenta el endeudamiento; peso en picada PRI y PAN enfrentan rebeli\u00f3n de militantes &nbsp; Ciudad de M\u00e9xico, 12 de junio de 2024.- Mientras el Banco Mundial anticipa una desaceleraci\u00f3n de la econom\u00eda mexicana en los primeros dos a\u00f1os de gobierno de la virtual presidenta electa Claudia Sheinbaum, como resultado de la restricci\u00f3n de pol\u00edticas fiscal y monetaria, y Citibanamex advierte sobre la aprobaci\u00f3n de las diferentes reformas propuestas y [&hellip;]<\/p>\n","protected":false},"author":3,"featured_media":82037,"comment_status":"open","ping_status":"open","sticky":false,"template":"","format":"standard","meta":{"_jetpack_newsletter_access":"","_jetpack_dont_email_post_to_subs":false,"_jetpack_newsletter_tier_id":0,"_jetpack_memberships_contains_paywalled_content":false,"_jetpack_feature_clip_id":0,"_jetpack_memberships_contains_paid_content":false,"footnotes":"","jetpack_publicize_message":"","jetpack_publicize_feature_enabled":true,"jetpack_social_post_already_shared":true,"jetpack_social_options":{"image_generator_settings":{"template":"highway","default_image_id":0,"font":"","enabled":false},"version":2},"jetpack_post_was_ever_published":false},"categories":[79],"tags":[],"class_list":["post-96988","post","type-post","status-publish","format-standard","has-post-thumbnail","hentry","category-columnistas-nacionales","post--single"],"jetpack_publicize_connections":[],"jetpack_featured_media_url":"https:\/\/ovelanalista.com\/wp-content\/uploads\/2023\/09\/lilia_arellano-1024x688-2.jpeg","jetpack_sharing_enabled":true,"_links":{"self":[{"href":"https:\/\/ovelanalista.com\/index.php?rest_route=\/wp\/v2\/posts\/96988","targetHints":{"allow":["GET"]}}],"collection":[{"href":"https:\/\/ovelanalista.com\/index.php?rest_route=\/wp\/v2\/posts"}],"about":[{"href":"https:\/\/ovelanalista.com\/index.php?rest_route=\/wp\/v2\/types\/post"}],"author":[{"embeddable":true,"href":"https:\/\/ovelanalista.com\/index.php?rest_route=\/wp\/v2\/users\/3"}],"replies":[{"embeddable":true,"href":"https:\/\/ovelanalista.com\/index.php?rest_route=%2Fwp%2Fv2%2Fcomments&post=96988"}],"version-history":[{"count":1,"href":"https:\/\/ovelanalista.com\/index.php?rest_route=\/wp\/v2\/posts\/96988\/revisions"}],"predecessor-version":[{"id":96989,"href":"https:\/\/ovelanalista.com\/index.php?rest_route=\/wp\/v2\/posts\/96988\/revisions\/96989"}],"wp:featuredmedia":[{"embeddable":true,"href":"https:\/\/ovelanalista.com\/index.php?rest_route=\/wp\/v2\/media\/82037"}],"wp:attachment":[{"href":"https:\/\/ovelanalista.com\/index.php?rest_route=%2Fwp%2Fv2%2Fmedia&parent=96988"}],"wp:term":[{"taxonomy":"category","embeddable":true,"href":"https:\/\/ovelanalista.com\/index.php?rest_route=%2Fwp%2Fv2%2Fcategories&post=96988"},{"taxonomy":"post_tag","embeddable":true,"href":"https:\/\/ovelanalista.com\/index.php?rest_route=%2Fwp%2Fv2%2Ftags&post=96988"}],"curies":[{"name":"wp","href":"https:\/\/api.w.org\/{rel}","templated":true}]}}