{"id":96992,"date":"2024-06-13T11:40:49","date_gmt":"2024-06-13T17:40:49","guid":{"rendered":"https:\/\/ovelanalista.com\/?p=96992"},"modified":"2024-06-13T11:40:49","modified_gmt":"2024-06-13T17:40:49","slug":"eleccion-de-estado-pero-la-mayoria-voto-por-4t-vienen-tiempos-muy-dificiles","status":"publish","type":"post","link":"https:\/\/ovelanalista.com\/?p=96992","title":{"rendered":"Elecci\u00f3n de Estado, pero la mayor\u00eda vot\u00f3 por 4T. Vienen tiempos muy dif\u00edciles"},"content":{"rendered":"<p><strong>Yo Campesino \/ Sin retorno\u00a0<\/strong><\/p>\n<ul>\n<li><em>Elecci\u00f3n de Estado, pero la mayor\u00eda vot\u00f3 por 4T. Vienen tiempos muy dif\u00edciles<\/em><\/li>\n<\/ul>\n<p><strong>Miguel A. Rocha Valencia<\/strong><\/p>\n<p>Si no fuera tan serio lo que viene, la posici\u00f3n de los dirigentes de los partidos PAN y PRI dar\u00eda risa y su \u201csanta indignaci\u00f3n\u201d, ser\u00eda digna de contagiarse, pero la verdad es que se ir\u00e1n al basurero de la pol\u00edtica con el estigma no de asumir sus responsabilidades ni contar con la estatura para defender sus colores m\u00e1s all\u00e1 de sus conveniencias personales y grupales.<\/p>\n<p>Lo cierto es que ahora descubren despu\u00e9s de meses y a\u00f1os de campa\u00f1a desde Palacio Nacional, que enfrentaron unos comicios de Estado donde no s\u00f3lo se compr\u00f3 el agradecimiento del pueblo bueno con m\u00e1s de 2.5 billones de pesos o que se aplic\u00f3 el chantaje y el \u201cplomo y plata\u201d a empresarios y pol\u00edticos para que cooperaran con la 4T, ni que desde la presidencia se hizo el c\u00ednico destape de una corcholata sin atender ni una sola l\u00ednea de la ley electoral.<\/p>\n<p>Pareciera que tampoco se dieron cuenta del \u201cpastoreo\u201d que llev\u00f3 a muchos cuadros pol\u00edticos a chaquetear \u201cconvencidos\u201d de que la 4T era lo mejor para el pa\u00eds, aunque no supieran de qu\u00e9 se trataba. Muchos de ellos jugaron el doble juego desde una falsa oposici\u00f3n que negoci\u00f3 su impunidad o inclusi\u00f3n en el proyecto propiedad del ganso.<\/p>\n<p>En esa estrategia donde se vali\u00f3 de todo cayeron lo mismo aspirantes a la \u201cgrande\u201d que gobernadores que despu\u00e9s se volvieron embajadores y unos m\u00e1s en \u201caliados\u201d electorales de los morenos, se fueron diputados federales y estatales, senadores y todos aquellos propensos al chaqueteo.<\/p>\n<p>A pesar de ello, los hoy indignados dirigentes no hicieron tanto esc\u00e1ndalo, mucho menos cuando inici\u00f3 la colonizaci\u00f3n cuatrotera al poder Judicial y el ganso design\u00f3 a \u201clicenciadas\u201d muy cuestionada como ministras o cuando maniobr\u00f3 para colocar a su garbancera Guadalupe Taddei Zavala al frente del Instituto Nacional Electoral donde la resistencia que personificaba Lorenzo C\u00f3rdoba Vianello se acab\u00f3 a tal grado que hoy hace innecesaria una reforma para someterlo al poder Ejecutivo.<\/p>\n<p>Empero, las reformas van, y m\u00e1s hoy que 35 millones de mexicanos decidieron dar mayor\u00eda abrumadora al caudillo de Macuspana; dejar pasar la oportunidad para consolidarse en el poder e incluso dejar una dinast\u00eda tabasque\u00f1a no la van a dejar pasar; ah\u00ed est\u00e1n los hijos del pr\u00f3cer que merecen heredar sin esfuerzo.<\/p>\n<p>Los hechos son irrefutables, gan\u00f3 el partido en el poder junto con sus r\u00e9moras convertidos en una gavilla unificada que no va a compartir el poder.<\/p>\n<p>La oposici\u00f3n ser\u00e1 reducida a su m\u00ednima expresi\u00f3n, lo que queda de los partidos opositores ser\u00e1n s\u00f3lo una franquicia para negociantes de la pol\u00edtica si no se refundan en el caso del PAN. El PRI la tendr\u00e1 m\u00e1s dif\u00edcil ya que adem\u00e1s de cargar con el estigma hist\u00f3rico de la corrupci\u00f3n y el abuso del poder, ya export\u00f3 a sus m\u00e1s destacados miembros a la 4T y se qued\u00f3 con la \u201cmorralla\u201d donde ya escasea la falta de talento pol\u00edtico y en un descuido se pueden ir a la tumba.<\/p>\n<p>As\u00ed que todos sab\u00edamos desde meses o a\u00f1os antes que lo de este a\u00f1o ser\u00eda una elecci\u00f3n de Estado para eso trabaj\u00f3 el mes\u00edas tropical, no gobern\u00f3 ni se asumi\u00f3 como presidente de todos los mexicanos sino como el jefe de la gavilla presidencial y desde palacio nacional continu\u00f3 con su campa\u00f1a en base a las acusaciones de corrupci\u00f3n a los de enfrente y le funcion\u00f3.<\/p>\n<p>Aprovech\u00f3 los programas sociales que antes conden\u00f3 porque seg\u00fan dec\u00eda, eran utilizados para comprar votos y los hizo suyos pero remasterizados dedicando a ello cientos de miles de millones de pesos.<\/p>\n<p>Por eso las expresiones de \u201ceste arroz ya se coci\u00f3\u201d o ya s\u00f3lo hay que pasar el tr\u00e1mite de la elecci\u00f3n. Los dados estaban cargados, los opositores lo sab\u00edan y algunos medios con contados periodistas lo restregaban todos los d\u00edas a los due\u00f1os de los membretes opositores advirti\u00e9ndoles su poco impacto en la sociedad.<\/p>\n<p>Esos medios que hoy ya \u201caflojaron\u201d y esos periodistas, no se convirtieron en la real oposici\u00f3n, sino en la resistencia contra la oposici\u00f3n, porque los pol\u00edticos s\u00f3lo se dedicaron a asegurar su futuro inmediato, aunque m\u00e1s tarde decidan que ya entendieron qu\u00e9 es la cuarta transformaci\u00f3n y de plano se arrodillen ante la nueva ama, la entrante machuchona de Palacio Nacional. Ya no hay vuelta atr\u00e1s, aunque el peso se deval\u00fae, se caiga la inversi\u00f3n o la inflaci\u00f3n se valla para arriba.<\/p>\n<p>La bronca fuerte ser\u00e1 cuando ya no alcance para cubrir los programas sociales y hasta se d\u00e9 reversa a algunos de ellos, eso s\u00ed, constitucionalmente porque para eso tendr\u00e1n la mayor\u00eda calificada. Y es que tarde o temprano no habr\u00e1 dinero para mantener a una creciente poblaci\u00f3n de adultos mayores ni la improductividad generalizada del pa\u00eds. Lo hecho, hecho est\u00e1.<\/p>\n","protected":false},"excerpt":{"rendered":"<p>Yo Campesino \/ Sin retorno\u00a0 Elecci\u00f3n de Estado, pero la mayor\u00eda vot\u00f3 por 4T. Vienen tiempos muy dif\u00edciles Miguel A. Rocha Valencia Si no fuera tan serio lo que viene, la posici\u00f3n de los dirigentes de los partidos PAN y PRI dar\u00eda risa y su \u201csanta indignaci\u00f3n\u201d, ser\u00eda digna de contagiarse, pero la verdad es que se ir\u00e1n al basurero de la pol\u00edtica con el estigma no de asumir sus responsabilidades ni contar con la estatura para defender sus colores m\u00e1s all\u00e1 de sus conveniencias personales y grupales. Lo cierto es que ahora descubren despu\u00e9s de meses y a\u00f1os de [&hellip;]<\/p>\n","protected":false},"author":3,"featured_media":92034,"comment_status":"open","ping_status":"open","sticky":false,"template":"","format":"standard","meta":{"_jetpack_newsletter_access":"","_jetpack_dont_email_post_to_subs":false,"_jetpack_newsletter_tier_id":0,"_jetpack_memberships_contains_paywalled_content":false,"_jetpack_feature_clip_id":0,"_jetpack_memberships_contains_paid_content":false,"footnotes":"","jetpack_publicize_message":"","jetpack_publicize_feature_enabled":true,"jetpack_social_post_already_shared":true,"jetpack_social_options":{"image_generator_settings":{"template":"highway","default_image_id":0,"font":"","enabled":false},"version":2},"jetpack_post_was_ever_published":false},"categories":[79],"tags":[],"class_list":["post-96992","post","type-post","status-publish","format-standard","has-post-thumbnail","hentry","category-columnistas-nacionales","post--single"],"jetpack_publicize_connections":[],"jetpack_featured_media_url":"https:\/\/ovelanalista.com\/wp-content\/uploads\/2024\/03\/Miguel-A.-Rocha-Valencia.jpeg","jetpack_sharing_enabled":true,"_links":{"self":[{"href":"https:\/\/ovelanalista.com\/index.php?rest_route=\/wp\/v2\/posts\/96992","targetHints":{"allow":["GET"]}}],"collection":[{"href":"https:\/\/ovelanalista.com\/index.php?rest_route=\/wp\/v2\/posts"}],"about":[{"href":"https:\/\/ovelanalista.com\/index.php?rest_route=\/wp\/v2\/types\/post"}],"author":[{"embeddable":true,"href":"https:\/\/ovelanalista.com\/index.php?rest_route=\/wp\/v2\/users\/3"}],"replies":[{"embeddable":true,"href":"https:\/\/ovelanalista.com\/index.php?rest_route=%2Fwp%2Fv2%2Fcomments&post=96992"}],"version-history":[{"count":1,"href":"https:\/\/ovelanalista.com\/index.php?rest_route=\/wp\/v2\/posts\/96992\/revisions"}],"predecessor-version":[{"id":96994,"href":"https:\/\/ovelanalista.com\/index.php?rest_route=\/wp\/v2\/posts\/96992\/revisions\/96994"}],"wp:featuredmedia":[{"embeddable":true,"href":"https:\/\/ovelanalista.com\/index.php?rest_route=\/wp\/v2\/media\/92034"}],"wp:attachment":[{"href":"https:\/\/ovelanalista.com\/index.php?rest_route=%2Fwp%2Fv2%2Fmedia&parent=96992"}],"wp:term":[{"taxonomy":"category","embeddable":true,"href":"https:\/\/ovelanalista.com\/index.php?rest_route=%2Fwp%2Fv2%2Fcategories&post=96992"},{"taxonomy":"post_tag","embeddable":true,"href":"https:\/\/ovelanalista.com\/index.php?rest_route=%2Fwp%2Fv2%2Ftags&post=96992"}],"curies":[{"name":"wp","href":"https:\/\/api.w.org\/{rel}","templated":true}]}}