{"id":98012,"date":"2024-06-10T16:10:07","date_gmt":"2024-06-10T22:10:07","guid":{"rendered":"https:\/\/ovelanalista.com\/?p=98012"},"modified":"2024-06-27T16:11:46","modified_gmt":"2024-06-27T22:11:46","slug":"el-5-de-julio-se-reintegra-gerardo-vargas-landeros-a-la-alcaldia-de-ahome","status":"publish","type":"post","link":"https:\/\/ovelanalista.com\/?p=98012","title":{"rendered":"El 5 de julio se reintegra Gerardo Vargas Landeros a la Alcald\u00eda de Ahome."},"content":{"rendered":"<p><strong><em>As\u00ed lo confirm\u00f3 el Alcalde Electo en conferencia de prensa acompa\u00f1ado del Presidente Sustituto Gerardo Herv\u00e1s y el Diputado Electo Genaro Garc\u00eda, donde detall\u00f3 que tal decisi\u00f3n se tom\u00f3 en acuerdo con el Gobernador Rub\u00e9n Rocha Moya en reuni\u00f3n de trabajo el fin de semana\u2026<\/em><\/strong><\/p>\n<p><strong><em>\u00a0<\/em><\/strong><\/p>\n<p><strong>Los Mochis, Ahome, Sinaloa. 10 de Junio del 2024.-\u00a0<\/strong>El Alcalde Electo, Gerardo Octavio Vargas Landeros, acompa\u00f1ado del Diputado Electo Genaro Garc\u00eda Castro, visit\u00f3 al Presidente Municipal Sustituto para informarle que, en acuerdo con el Gobernador Rub\u00e9n Rocha Moya, se tom\u00f3 la decisi\u00f3n de que se reintegre a la Alcald\u00eda de Ahome a la brevedad posible.<\/p>\n<p>&nbsp;<\/p>\n<p>Luego de la reuni\u00f3n, ambos alcaldes y el Diputado Electo, ofrecieron conferencia de prensa a los medios de comunicaci\u00f3n en Palacio Municipal, para dar a conocer a la sociedad ahomense la noticia.<\/p>\n<p>&nbsp;<\/p>\n<p>\u201cQuiero informarles que en reuni\u00f3n con el Gobernador Rocha Moya se lleg\u00f3 al acuerdo de que me reintegre a la Alcald\u00eda, cumpliendo las formalidades pol\u00edticas y legales correspondientes, y vine a comunic\u00e1rselo al Presidente Municipal Sustituto, Gerardo Herv\u00e1s, y pedirle por escrito que a su vez informe al Cabildo para que en la siguiente sesi\u00f3n de trabajo se defina la fecha 5 de julio para m\u00ed regreso\u201d, expres\u00f3 Vargas Landeros.<\/p>\n<p>&nbsp;<\/p>\n<p>El Alcalde Electo dio lectura y entreg\u00f3 tal solicitud.<\/p>\n<p>&nbsp;<\/p>\n<p>En respuesta a preguntas de algunos representantes de los medios de comunicaci\u00f3n, Gerardo Vargas dijo que el trabajo de su sustituto Gerardo Herv\u00e1s es bueno y que prueba de ello es que el Ayuntamiento est\u00e1 marchando con normalidad.<\/p>\n<p>&nbsp;<\/p>\n<p>Referente al posible regreso de los funcionarios y ediles que solicitaron licencia o permiso, dijo que esta decisi\u00f3n corresponde al Alcalde Sustituto y a los propios interesados, y que \u00e9l respeta la investidura de Herv\u00e1s y la decisi\u00f3n que se tome.<\/p>\n<p>&nbsp;<\/p>\n<p>Coment\u00f3 que antes de su regreso a la Alcald\u00eda, tomar\u00e1 un par de semanas de descanso con su familia, y que as\u00ed lo inform\u00f3 al Gobernador Rocha Moya, quien acept\u00f3 tal decisi\u00f3n.<\/p>\n<p>&nbsp;<\/p>\n<p>Por \u00faltimo, dijo estar contento de las expresiones ciudadanas y de representantes de organismos sociales, productivos y pol\u00edticos, que ha recibido como apoyo, por lo que tiene plena confianza de que Ahome seguir\u00e1 avanzando satisfactoriamente al desarrollo y consolidarse como un municipio ganador.<\/p>\n","protected":false},"excerpt":{"rendered":"<p>As\u00ed lo confirm\u00f3 el Alcalde Electo en conferencia de prensa acompa\u00f1ado del Presidente Sustituto Gerardo Herv\u00e1s y el Diputado Electo Genaro Garc\u00eda, donde detall\u00f3 que tal decisi\u00f3n se tom\u00f3 en acuerdo con el Gobernador Rub\u00e9n Rocha Moya en reuni\u00f3n de trabajo el fin de semana\u2026 \u00a0 Los Mochis, Ahome, Sinaloa. 10 de Junio del 2024.-\u00a0El Alcalde Electo, Gerardo Octavio Vargas Landeros, acompa\u00f1ado del Diputado Electo Genaro Garc\u00eda Castro, visit\u00f3 al Presidente Municipal Sustituto para informarle que, en acuerdo con el Gobernador Rub\u00e9n Rocha Moya, se tom\u00f3 la decisi\u00f3n de que se reintegre a la Alcald\u00eda de Ahome a la brevedad [&hellip;]<\/p>\n","protected":false},"author":3,"featured_media":98013,"comment_status":"open","ping_status":"open","sticky":false,"template":"","format":"standard","meta":{"_jetpack_newsletter_access":"","_jetpack_dont_email_post_to_subs":false,"_jetpack_newsletter_tier_id":0,"_jetpack_memberships_contains_paywalled_content":false,"_jetpack_feature_clip_id":0,"_jetpack_memberships_contains_paid_content":false,"footnotes":"","jetpack_publicize_message":"","jetpack_publicize_feature_enabled":true,"jetpack_social_post_already_shared":true,"jetpack_social_options":{"image_generator_settings":{"template":"highway","default_image_id":0,"font":"","enabled":false},"version":2},"jetpack_post_was_ever_published":false},"categories":[72,85],"tags":[],"class_list":["post-98012","post","type-post","status-publish","format-standard","has-post-thumbnail","hentry","category-portada","category-sinaloa-norte","post--single"],"jetpack_publicize_connections":[],"jetpack_featured_media_url":"https:\/\/ovelanalista.com\/wp-content\/uploads\/2024\/06\/GERARDO-VARGAS.jpeg","jetpack_sharing_enabled":true,"_links":{"self":[{"href":"https:\/\/ovelanalista.com\/index.php?rest_route=\/wp\/v2\/posts\/98012","targetHints":{"allow":["GET"]}}],"collection":[{"href":"https:\/\/ovelanalista.com\/index.php?rest_route=\/wp\/v2\/posts"}],"about":[{"href":"https:\/\/ovelanalista.com\/index.php?rest_route=\/wp\/v2\/types\/post"}],"author":[{"embeddable":true,"href":"https:\/\/ovelanalista.com\/index.php?rest_route=\/wp\/v2\/users\/3"}],"replies":[{"embeddable":true,"href":"https:\/\/ovelanalista.com\/index.php?rest_route=%2Fwp%2Fv2%2Fcomments&post=98012"}],"version-history":[{"count":1,"href":"https:\/\/ovelanalista.com\/index.php?rest_route=\/wp\/v2\/posts\/98012\/revisions"}],"predecessor-version":[{"id":98014,"href":"https:\/\/ovelanalista.com\/index.php?rest_route=\/wp\/v2\/posts\/98012\/revisions\/98014"}],"wp:featuredmedia":[{"embeddable":true,"href":"https:\/\/ovelanalista.com\/index.php?rest_route=\/wp\/v2\/media\/98013"}],"wp:attachment":[{"href":"https:\/\/ovelanalista.com\/index.php?rest_route=%2Fwp%2Fv2%2Fmedia&parent=98012"}],"wp:term":[{"taxonomy":"category","embeddable":true,"href":"https:\/\/ovelanalista.com\/index.php?rest_route=%2Fwp%2Fv2%2Fcategories&post=98012"},{"taxonomy":"post_tag","embeddable":true,"href":"https:\/\/ovelanalista.com\/index.php?rest_route=%2Fwp%2Fv2%2Ftags&post=98012"}],"curies":[{"name":"wp","href":"https:\/\/api.w.org\/{rel}","templated":true}]}}