{"id":98015,"date":"2024-06-12T16:12:28","date_gmt":"2024-06-12T22:12:28","guid":{"rendered":"https:\/\/ovelanalista.com\/?p=98015"},"modified":"2024-06-27T16:15:54","modified_gmt":"2024-06-27T22:15:54","slug":"llama-dif-ahome-a-donar-agua-embotellada-para-apoyar-a-familias-afectadas-por-la-sequia","status":"publish","type":"post","link":"https:\/\/ovelanalista.com\/?p=98015","title":{"rendered":"Llama DIF Ahome a donar agua embotellada para apoyar a familias afectadas por la sequ\u00eda."},"content":{"rendered":"<p><strong><em>El Aquat\u00f3n 2024 est\u00e1 abierto a partir de este 12 de junio en DIF Ahome y CRRI Los Mochis, y la meta es reunir al menos 60 mil litros de agua\u2026<\/em><\/strong><\/p>\n<p><strong><em>\u00a0<\/em><\/strong><strong>Los Mochis, Ahome, Sinaloa. 12 de Junio del 2024.-\u00a0<\/strong>Con la meta de colectar al menos 60 mil litros de agua potable embotellada, para distribuirlos entre las familias que est\u00e1n padeciendo sed por la sequ\u00eda, el Sistema para el Desarrollo Integral de la Familia (DIF), inici\u00f3 el Aquat\u00f3n 2024 en las instalaciones de DIF Ahome y el Centro Regional de Rehabilitaci\u00f3n Integral (CRRI) Los Mochis.<\/p>\n<p>&nbsp;<\/p>\n<p>El arranque de esta noble acci\u00f3n, se realiz\u00f3 en el patio de DIF Ahome, donde el Presidente Municipal Sustituto, Gerardo Iv\u00e1n Herv\u00e1s Quind\u00f3s y su esposa Fernanda Garc\u00eda de Herv\u00e1s, Presidenta del Sistema DIF Ahome, junto con algunos invitados especiales, iniciaron la colecta.<\/p>\n<p>&nbsp;<\/p>\n<p>En su mensaje, Gerardo Iv\u00e1n Herv\u00e1s Quind\u00f3s, felicit\u00f3 a DIF y al Gobierno del Estado, en especial a la se\u00f1ora Eneyda Rocha, Presidenta de DIF Sinaloa, por involucrar a Ahome en este programa de gran valor para las familias sinaloenses.<\/p>\n<p>&nbsp;<\/p>\n<p>\u201cEl a\u00f1o pasado juntamos 56 mil litros que distribuimos entre las familias de las comunidades de las sindicaturas de Topolobampo, Central, Higuera de Zaragoza y San Miguel para beneficio de poco m\u00e1s de 10 mil 500 personas, y en esta ocasi\u00f3n esperamos apoyar a m\u00e1s familias que est\u00e1n padeciendo sed por el acceso al agua\u201d, expres\u00f3.<\/p>\n<p>&nbsp;<\/p>\n<p>Herv\u00e1s Quind\u00f3s y Fernanda Garc\u00eda, pidieron a los empleados de DIF y del Ayuntamiento, as\u00ed como a la ciudadan\u00eda en general, y organismos p\u00fablicos y privados que se sumen a esta colecta de agua.<\/p>\n<p>V\u00edctor Damm, Presidente de CANACO Los Mochis, dijo que el gremio empresarial est\u00e1 en disponibilidad de aportar para paliar esta situaci\u00f3n de sequ\u00eda.<\/p>\n<p>&nbsp;<\/p>\n<p>\u201cEl a\u00f1o pasado participamos y estamos conscientes de seguir contribuyendo por lo que hacemos un llamado a los compa\u00f1eros empresarios y comerciantes para ayudar a solventar esta situaci\u00f3n\u201d, manifest\u00f3 el representante ciudadano.<\/p>\n<p>&nbsp;<\/p>\n<p>La colecta de agua est\u00e1 abierta a partir de este d\u00eda en DIF Ahome, ubicado por calle Ni\u00f1os H\u00e9roes y Obreg\u00f3n, y en el CRRI Los Mochis, en Blvd. Heroico Colegio Militar en el sector Infonavit Arboledas.<\/p>\n<p>&nbsp;<\/p>\n<p>Cabe citar que las personas interesadas en donar y no pueden acudir a llevar el agua, se pueden comunicar por tel\u00e9fono 6688-168-200 para que personal de DIF pasen a recoger el donativo.<\/p>\n<p>&nbsp;<\/p>\n<p>Este a\u00f1o lo recolectado se llevar\u00e1 a comunidades como El Jitz\u00e1muri, Oro Pinto, San Pablo y Goritos de Rodr\u00edguez entre otras zonas del Municipio.<\/p>\n","protected":false},"excerpt":{"rendered":"<p>El Aquat\u00f3n 2024 est\u00e1 abierto a partir de este 12 de junio en DIF Ahome y CRRI Los Mochis, y la meta es reunir al menos 60 mil litros de agua\u2026 \u00a0Los Mochis, Ahome, Sinaloa. 12 de Junio del 2024.-\u00a0Con la meta de colectar al menos 60 mil litros de agua potable embotellada, para distribuirlos entre las familias que est\u00e1n padeciendo sed por la sequ\u00eda, el Sistema para el Desarrollo Integral de la Familia (DIF), inici\u00f3 el Aquat\u00f3n 2024 en las instalaciones de DIF Ahome y el Centro Regional de Rehabilitaci\u00f3n Integral (CRRI) Los Mochis. &nbsp; El arranque de esta [&hellip;]<\/p>\n","protected":false},"author":3,"featured_media":98016,"comment_status":"open","ping_status":"open","sticky":false,"template":"","format":"standard","meta":{"_jetpack_newsletter_access":"","_jetpack_dont_email_post_to_subs":false,"_jetpack_newsletter_tier_id":0,"_jetpack_memberships_contains_paywalled_content":false,"_jetpack_feature_clip_id":0,"_jetpack_memberships_contains_paid_content":false,"footnotes":"","jetpack_publicize_message":"","jetpack_publicize_feature_enabled":true,"jetpack_social_post_already_shared":true,"jetpack_social_options":{"image_generator_settings":{"template":"highway","default_image_id":0,"font":"","enabled":false},"version":2},"jetpack_post_was_ever_published":false},"categories":[72,85],"tags":[],"class_list":["post-98015","post","type-post","status-publish","format-standard","has-post-thumbnail","hentry","category-portada","category-sinaloa-norte","post--single"],"jetpack_publicize_connections":[],"jetpack_featured_media_url":"https:\/\/ovelanalista.com\/wp-content\/uploads\/2024\/06\/aguaton-1.jpeg","jetpack_sharing_enabled":true,"_links":{"self":[{"href":"https:\/\/ovelanalista.com\/index.php?rest_route=\/wp\/v2\/posts\/98015","targetHints":{"allow":["GET"]}}],"collection":[{"href":"https:\/\/ovelanalista.com\/index.php?rest_route=\/wp\/v2\/posts"}],"about":[{"href":"https:\/\/ovelanalista.com\/index.php?rest_route=\/wp\/v2\/types\/post"}],"author":[{"embeddable":true,"href":"https:\/\/ovelanalista.com\/index.php?rest_route=\/wp\/v2\/users\/3"}],"replies":[{"embeddable":true,"href":"https:\/\/ovelanalista.com\/index.php?rest_route=%2Fwp%2Fv2%2Fcomments&post=98015"}],"version-history":[{"count":1,"href":"https:\/\/ovelanalista.com\/index.php?rest_route=\/wp\/v2\/posts\/98015\/revisions"}],"predecessor-version":[{"id":98017,"href":"https:\/\/ovelanalista.com\/index.php?rest_route=\/wp\/v2\/posts\/98015\/revisions\/98017"}],"wp:featuredmedia":[{"embeddable":true,"href":"https:\/\/ovelanalista.com\/index.php?rest_route=\/wp\/v2\/media\/98016"}],"wp:attachment":[{"href":"https:\/\/ovelanalista.com\/index.php?rest_route=%2Fwp%2Fv2%2Fmedia&parent=98015"}],"wp:term":[{"taxonomy":"category","embeddable":true,"href":"https:\/\/ovelanalista.com\/index.php?rest_route=%2Fwp%2Fv2%2Fcategories&post=98015"},{"taxonomy":"post_tag","embeddable":true,"href":"https:\/\/ovelanalista.com\/index.php?rest_route=%2Fwp%2Fv2%2Ftags&post=98015"}],"curies":[{"name":"wp","href":"https:\/\/api.w.org\/{rel}","templated":true}]}}