{"id":99448,"date":"2024-07-19T17:00:41","date_gmt":"2024-07-19T23:00:41","guid":{"rendered":"https:\/\/ovelanalista.com\/?p=99448"},"modified":"2024-07-19T12:39:16","modified_gmt":"2024-07-19T18:39:16","slug":"biden-anuncia-que-reanudara-sus-actos-de-campana-la-semana-proxima","status":"publish","type":"post","link":"https:\/\/ovelanalista.com\/?p=99448","title":{"rendered":"Biden anuncia que reanudar\u00e1 sus actos de campa\u00f1a la semana pr\u00f3xima"},"content":{"rendered":"<p>\u201cEstoy deseando volver a la campa\u00f1a electoral la semana que viene\u201d, afirm\u00f3 el presidente de EE.UU., Joe Biden, en un comunicado.<\/p>\n<p>El presidente de\u00a0<strong>Estados Unidos,<a href=\"https:\/\/x.com\/POTUS\" target=\"_blank\" rel=\"noopener noreferrer\">\u00a0Joe Biden<\/a><\/strong>, quien se encuentra en su domicilio de Delaware tras contagiarse de\u00a0<a href=\"https:\/\/lopezdoriga.com\/internacional\/joe-biden-da-positivo-a-covid-19-cancela-eventos\/\" target=\"_blank\" rel=\"noopener\"><strong>COVID-19<\/strong><\/a>, anunci\u00f3 este viernes que la\u00a0<strong>semana pr\u00f3xima reanudar\u00e1<\/strong>\u00a0sus\u00a0<strong>actos de campa\u00f1a<\/strong>\u00a0de cara a las elecciones de noviembre.<\/p>\n<p>La campa\u00f1a hizo el anuncio en un comunicado en el que arremete contra la \u201coscura visi\u00f3n\u201d que el expresidente\u00a0<a href=\"https:\/\/lopezdoriga.com\/nacional\/no-resuelve-nada-cerrar-frontera-amlo-enviara-carta-trump-discurso-cnr\/\" target=\"_blank\" rel=\"noopener\"><strong>Donald Trump<\/strong><\/a>\u00a0(2017-2021) deline\u00f3 durante su discurso de aceptaci\u00f3n de la nominaci\u00f3n republicana la noche del jueves en la convenci\u00f3n del partido en\u00a0<strong>Milwaukee<\/strong>.<\/p>\n<blockquote><p>Estoy deseando volver a la campa\u00f1a electoral la semana que viene\u201d, afirm\u00f3 Biden en el comunicado, que llega en un momento en que se ha redoblado la presi\u00f3n para que ponga fin a su candidatura con m\u00e1s miembros del Congreso pidi\u00e9ndole este viernes p\u00fablicamente que \u201cpase el testigo\u201d a alguien m\u00e1s joven.<\/p><\/blockquote>\n<p>En ese comunicado, Biden no hace ninguna menci\u00f3n a la revuelta dentro de su partido y solo plantea los comicios como una disyuntiva entre su visi\u00f3n para Estados Unidos y la delineada por Trump durante su discurso. \u201cEl desaf\u00edo es grande y la elecci\u00f3n es clara. Juntos, ganaremos\u201d, asevera.<\/p>\n<p>En la mayor parte del comunicado critica a Trump, diciendo que su discurso de 90 minutos \u201cse centr\u00f3 en sus propios agravios\u201d y no puso sobre la mesa ning\u00fan plan para \u201cunir\u201d al pa\u00eds ni para \u201cmejorar la vida de los trabajadores\u201d.<\/p>\n<blockquote><p>La oscura visi\u00f3n de Donald Trump para el futuro no es quienes somos como estadounidenses. Juntos, como partido y como pa\u00eds, podemos y le derrotaremos en las urnas\u201d, afirma.<\/p><\/blockquote>\n<p>Trump pronunci\u00f3 el jueves un discurso de hora y media en el que empez\u00f3 con un tono sombr\u00edo, aludiendo al intento de asesinato que sufri\u00f3 solo unos d\u00edas atr\u00e1s, y en el que llam\u00f3 a la unidad, aunque tambi\u00e9n dio espacio a teor\u00edas conspiratorias sobre fraude electoral en las elecciones de 2020 y volvi\u00f3 a su dura ret\u00f3rica contra los migrantes.<\/p>\n<p>Biden se encuentra en aislamiento en su vivienda de Delaware, despu\u00e9s de que el mi\u00e9rcoles pasado dio positivo por covid-19 mientras hac\u00eda campa\u00f1a en Nevada, estado clave para los comicios de noviembre.<\/p>\n<p>Una treintena de miembros del Congreso le han pedido a Biden p\u00fablicamente que se retire de la carrera presidencial y varios le solicitaron p\u00fablicamente este viernes que \u201cpase el testigo\u201d, en un goteo que aumenta la presi\u00f3n sobre el mandatario.<\/p>\n<p>Biden ha visto en las \u00faltimas horas c\u00f3mo flaquea su apoyo entre figuras clave del partido. Seg\u00fan inform\u00f3 el jueves The Washington Post, el expresidente Barack Obama (2009-2017) ha manifestado a su c\u00edrculo cercano que Biden deber\u00eda \u201creconsiderar seriamente\u201d el futuro de su candidatura.<\/p>\n<p>El llamamiento para que se retire surgi\u00f3 despu\u00e9s del debate del 27 de junio pasado contra Trump, en el que Biden, que con 81 a\u00f1os es el presidente de mayor edad en la historia de Estados Unidos, proyect\u00f3 una imagen envejecida y tuvo dificultades para concluir algunas frases.<\/p>\n<p>Con informaci\u00f3n de EFE<\/p>\n","protected":false},"excerpt":{"rendered":"<p>\u201cEstoy deseando volver a la campa\u00f1a electoral la semana que viene\u201d, afirm\u00f3 el presidente de EE.UU., Joe Biden, en un comunicado. El presidente de\u00a0Estados Unidos,\u00a0Joe Biden, quien se encuentra en su domicilio de Delaware tras contagiarse de\u00a0COVID-19, anunci\u00f3 este viernes que la\u00a0semana pr\u00f3xima reanudar\u00e1\u00a0sus\u00a0actos de campa\u00f1a\u00a0de cara a las elecciones de noviembre. La campa\u00f1a hizo el anuncio en un comunicado en el que arremete contra la \u201coscura visi\u00f3n\u201d que el expresidente\u00a0Donald Trump\u00a0(2017-2021) deline\u00f3 durante su discurso de aceptaci\u00f3n de la nominaci\u00f3n republicana la noche del jueves en la convenci\u00f3n del partido en\u00a0Milwaukee. Estoy deseando volver a la campa\u00f1a electoral la [&hellip;]<\/p>\n","protected":false},"author":3,"featured_media":99453,"comment_status":"open","ping_status":"open","sticky":false,"template":"","format":"standard","meta":{"_jetpack_newsletter_access":"","_jetpack_dont_email_post_to_subs":false,"_jetpack_newsletter_tier_id":0,"_jetpack_memberships_contains_paywalled_content":false,"_jetpack_feature_clip_id":0,"_jetpack_memberships_contains_paid_content":false,"footnotes":"","jetpack_publicize_message":"","jetpack_publicize_feature_enabled":true,"jetpack_social_post_already_shared":true,"jetpack_social_options":{"image_generator_settings":{"template":"highway","default_image_id":0,"font":"","enabled":false},"version":2},"jetpack_post_was_ever_published":false},"categories":[89,72],"tags":[],"class_list":["post-99448","post","type-post","status-publish","format-standard","has-post-thumbnail","hentry","category-internacional","category-portada","post--single"],"jetpack_publicize_connections":[],"jetpack_featured_media_url":"https:\/\/ovelanalista.com\/wp-content\/uploads\/2024\/07\/joe-biden-10.webp","jetpack_sharing_enabled":true,"_links":{"self":[{"href":"https:\/\/ovelanalista.com\/index.php?rest_route=\/wp\/v2\/posts\/99448","targetHints":{"allow":["GET"]}}],"collection":[{"href":"https:\/\/ovelanalista.com\/index.php?rest_route=\/wp\/v2\/posts"}],"about":[{"href":"https:\/\/ovelanalista.com\/index.php?rest_route=\/wp\/v2\/types\/post"}],"author":[{"embeddable":true,"href":"https:\/\/ovelanalista.com\/index.php?rest_route=\/wp\/v2\/users\/3"}],"replies":[{"embeddable":true,"href":"https:\/\/ovelanalista.com\/index.php?rest_route=%2Fwp%2Fv2%2Fcomments&post=99448"}],"version-history":[{"count":1,"href":"https:\/\/ovelanalista.com\/index.php?rest_route=\/wp\/v2\/posts\/99448\/revisions"}],"predecessor-version":[{"id":99454,"href":"https:\/\/ovelanalista.com\/index.php?rest_route=\/wp\/v2\/posts\/99448\/revisions\/99454"}],"wp:featuredmedia":[{"embeddable":true,"href":"https:\/\/ovelanalista.com\/index.php?rest_route=\/wp\/v2\/media\/99453"}],"wp:attachment":[{"href":"https:\/\/ovelanalista.com\/index.php?rest_route=%2Fwp%2Fv2%2Fmedia&parent=99448"}],"wp:term":[{"taxonomy":"category","embeddable":true,"href":"https:\/\/ovelanalista.com\/index.php?rest_route=%2Fwp%2Fv2%2Fcategories&post=99448"},{"taxonomy":"post_tag","embeddable":true,"href":"https:\/\/ovelanalista.com\/index.php?rest_route=%2Fwp%2Fv2%2Ftags&post=99448"}],"curies":[{"name":"wp","href":"https:\/\/api.w.org\/{rel}","templated":true}]}}