{"id":99481,"date":"2024-07-22T11:46:25","date_gmt":"2024-07-22T17:46:25","guid":{"rendered":"https:\/\/ovelanalista.com\/?p=99481"},"modified":"2024-07-22T11:46:25","modified_gmt":"2024-07-22T17:46:25","slug":"la-costumbre-del-poder-y-si-a-pesar-de-la-habilitacion-temporal-de-claudia-del-valle-se-pudre-la-declaracion-de-presidenta-electa","status":"publish","type":"post","link":"https:\/\/ovelanalista.com\/?p=99481","title":{"rendered":"La Costumbre del Poder: \u00bfY si a pesar de la habilitaci\u00f3n temporal de Claudia del Valle se pudre la declaraci\u00f3n de Presidenta Electa?"},"content":{"rendered":"<p><strong>* Andr\u00e9s Manuel L\u00f3pez Obrador vive en la incertidumbre, porque le resulta imposible tener la certeza de que su sucesora y los colaboradores de \u201cella\u201d, le dispensar\u00e1n el trato por \u00e9l concedido a Enrique Pe\u00f1a Nieto, o al menos el que Carlos Salinas de Gortari le dio a Miguel de la Madrid. Alg\u00fan presidente de la Rep\u00fablica me confi\u00f3 que lo que m\u00e1s odiaba era el timbre de la red presidencial, mientras fue subordinado. A partir de ciertos niveles disgusta recibir \u00f3rdenes<\/strong><\/p>\n<p><strong>Gregorio Ortega Molina<\/strong><\/p>\n<p>&nbsp;<\/p>\n<p>Andr\u00e9s Manuel L\u00f3pez Obrador est\u00e1 lleno de sorpresas. Como presidente de la Rep\u00fablica gusta de tener todo lo que significa Poder Ejecutivo -mando absoluto- bajo su f\u00e9rula; sabe que los eslabones del presidencialismo imperial empiezan a romperse con la declaraci\u00f3n de Presidenta Electa, que es mandato legal del TEPJF emitir a nombre de Claudia Sheinbaum Pardo.<\/p>\n<p>Es la \u00fanica explicaci\u00f3n a su terquedad, empe\u00f1o, impulso de ego\u00edsmo, de haber mantenido cojo el Tribunal hasta el jueves 18 de julio, porque debe cumplir con el \u00faltimo mandato constitucional que marca el paso de su desprendimiento de lo que se niega a abandonar: la banda presidencial terciada sobre su pecho, los aposentos de Palacio Nacional, los honores militares, y la sumisi\u00f3n que impuso a sus colaboradores y a esa mayor\u00eda de mexicanos que estiran las manos por los pl\u00e1sticos del bienestar.<\/p>\n<p>La manera de actuar y pensar del actual presidente de M\u00e9xico dista mucho de ser normal. Fue formada entre resabios y rencores porque considera haber llegado tarde a la mesa de la manteca, a la cual se sentaron sus v\u00e1stagos y familiares sin recato ni medida; se niega a exponerlos a la maledicencia a que son sometidos los que se van, porque la sanci\u00f3n social radica en los dimes y diretes, pero nunca se organiza para reclamar a gobernantes y sus validos las violaciones al mandato constitucional, las leyes, la moral y la \u00e9tica. Se divierten con el chisme, pero son incapaces de exigir la aplicaci\u00f3n de la ley. Saben que sus gobernantes \u201cmienten, roban y traicionan\u201d, en sentido contrario a la pr\u00e9dica.<\/p>\n<p>Andr\u00e9s Manuel L\u00f3pez Obrador vive en la incertidumbre, porque le resulta imposible tener la certeza de que su sucesora y los colaboradores de \u201cella\u201d, le dispensar\u00e1n el trato por \u00e9l concedido a Enrique Pe\u00f1a Nieto, o al menos el que Carlos Salinas de Gortari le dio a Miguel de la Madrid. Alg\u00fan presidente de la Rep\u00fablica me confi\u00f3 que lo que m\u00e1s odiaba era el timbre de la red presidencial, mientras fue subordinado. A partir de ciertos niveles disgusta recibir \u00f3rdenes.<\/p>\n<p>Recordemos desde las efem\u00e9rides period\u00edsticas donde estamos parados: \u201cEl juez Rodrigo de la Peza L\u00f3pez, que solicit\u00f3 al Tribunal Electoral del Poder Judicial de la Federaci\u00f3n (TEPJF) nombrar a sus dos magistrados faltantes, cancel\u00f3 de manera definitiva la demanda de amparo promovida en su contra por la Comisi\u00f3n Mexicana de Derechos Humanos.<\/p>\n<p>\u201cDe acuerdo con expedientes judiciales, el caso se cancel\u00f3 debido a que la organizaci\u00f3n desisti\u00f3 de forma expresa de seguir con el procedimiento contra el \u00f3rgano electoral.<\/p>\n<p>\u201c<strong>La importancia del caso radicaba en que con esta resoluci\u00f3n el juez ordenaba definir la sexta magistratura del Tribunal Electoral, necesaria para calificar la elecci\u00f3n presidencial de Claudia Sheinbaum, virtual presidenta electa de M\u00e9xico<\/strong>\u201d.<\/p>\n<p>Pero desde el jueves \u00faltimo, el Tribunal Electoral del Poder Judicial de la Federaci\u00f3n est\u00e1 en condiciones num\u00e9ricas de calificar la elecci\u00f3n presidencial, y validarla o no, pues decidi\u00f3 invitar, s\u00f3lo para este proceso, a una magistrada de sala regional (con sede en Monterrey), Claudia Valle Aguilasocho; as\u00ed se completa el n\u00famero de juzgadores en la sala superior que la normatividad exige para proceder a analizar y decidir sobre la citada elecci\u00f3n.<\/p>\n<p><strong>Y qu\u00e9 tal que el presidente L\u00f3pez Obrador hace capricho y deja correr el t\u00e9rmino constitucional en silencio<\/strong>.<\/p>\n<p><a href=\"http:\/\/www.gregorioortega.blog\/\">www.gregorioortega.blog<\/a><br \/>\n@OrtegaGregorio<\/p>\n","protected":false},"excerpt":{"rendered":"<p>* Andr\u00e9s Manuel L\u00f3pez Obrador vive en la incertidumbre, porque le resulta imposible tener la certeza de que su sucesora y los colaboradores de \u201cella\u201d, le dispensar\u00e1n el trato por \u00e9l concedido a Enrique Pe\u00f1a Nieto, o al menos el que Carlos Salinas de Gortari le dio a Miguel de la Madrid. Alg\u00fan presidente de la Rep\u00fablica me confi\u00f3 que lo que m\u00e1s odiaba era el timbre de la red presidencial, mientras fue subordinado. A partir de ciertos niveles disgusta recibir \u00f3rdenes Gregorio Ortega Molina &nbsp; Andr\u00e9s Manuel L\u00f3pez Obrador est\u00e1 lleno de sorpresas. Como presidente de la Rep\u00fablica gusta [&hellip;]<\/p>\n","protected":false},"author":3,"featured_media":91773,"comment_status":"open","ping_status":"open","sticky":false,"template":"","format":"standard","meta":{"_jetpack_newsletter_access":"","_jetpack_dont_email_post_to_subs":false,"_jetpack_newsletter_tier_id":0,"_jetpack_memberships_contains_paywalled_content":false,"_jetpack_feature_clip_id":0,"_jetpack_memberships_contains_paid_content":false,"footnotes":"","jetpack_publicize_message":"","jetpack_publicize_feature_enabled":true,"jetpack_social_post_already_shared":true,"jetpack_social_options":{"image_generator_settings":{"template":"highway","default_image_id":0,"font":"","enabled":false},"version":2},"jetpack_post_was_ever_published":false},"categories":[79],"tags":[],"class_list":["post-99481","post","type-post","status-publish","format-standard","has-post-thumbnail","hentry","category-columnistas-nacionales","post--single"],"jetpack_publicize_connections":[],"jetpack_featured_media_url":"https:\/\/ovelanalista.com\/wp-content\/uploads\/2024\/03\/Gregorio-Ortega-Molina.jpeg","jetpack_sharing_enabled":true,"_links":{"self":[{"href":"https:\/\/ovelanalista.com\/index.php?rest_route=\/wp\/v2\/posts\/99481","targetHints":{"allow":["GET"]}}],"collection":[{"href":"https:\/\/ovelanalista.com\/index.php?rest_route=\/wp\/v2\/posts"}],"about":[{"href":"https:\/\/ovelanalista.com\/index.php?rest_route=\/wp\/v2\/types\/post"}],"author":[{"embeddable":true,"href":"https:\/\/ovelanalista.com\/index.php?rest_route=\/wp\/v2\/users\/3"}],"replies":[{"embeddable":true,"href":"https:\/\/ovelanalista.com\/index.php?rest_route=%2Fwp%2Fv2%2Fcomments&post=99481"}],"version-history":[{"count":1,"href":"https:\/\/ovelanalista.com\/index.php?rest_route=\/wp\/v2\/posts\/99481\/revisions"}],"predecessor-version":[{"id":99484,"href":"https:\/\/ovelanalista.com\/index.php?rest_route=\/wp\/v2\/posts\/99481\/revisions\/99484"}],"wp:featuredmedia":[{"embeddable":true,"href":"https:\/\/ovelanalista.com\/index.php?rest_route=\/wp\/v2\/media\/91773"}],"wp:attachment":[{"href":"https:\/\/ovelanalista.com\/index.php?rest_route=%2Fwp%2Fv2%2Fmedia&parent=99481"}],"wp:term":[{"taxonomy":"category","embeddable":true,"href":"https:\/\/ovelanalista.com\/index.php?rest_route=%2Fwp%2Fv2%2Fcategories&post=99481"},{"taxonomy":"post_tag","embeddable":true,"href":"https:\/\/ovelanalista.com\/index.php?rest_route=%2Fwp%2Fv2%2Ftags&post=99481"}],"curies":[{"name":"wp","href":"https:\/\/api.w.org\/{rel}","templated":true}]}}