{"id":99494,"date":"2024-07-22T12:35:40","date_gmt":"2024-07-22T18:35:40","guid":{"rendered":"https:\/\/ovelanalista.com\/?p=99494"},"modified":"2024-07-22T12:35:40","modified_gmt":"2024-07-22T18:35:40","slug":"comar-revela-que-gobierno-le-pidio-ser-mas-afinada-en-otorgar-asilo","status":"publish","type":"post","link":"https:\/\/ovelanalista.com\/?p=99494","title":{"rendered":"Comar revela que Gobierno le pidi\u00f3 ser \u201cm\u00e1s afinada\u201d en otorgar asilo"},"content":{"rendered":"<p>La direcci\u00f3n de ser \u201cm\u00e1s afinados\u201d de la Segob fue para que quienes recibieran la condici\u00f3n de refugiado \u201cfueran los que realmente la necesitan\u201d.<\/p>\n<p>La\u00a0<strong>Comisi\u00f3n Mexicana de Ayuda a Refugiados<\/strong>\u00a0(Comar) recibi\u00f3 \u201calgunas\u00a0<strong>recomendaciones<\/strong>\u201d de parte de la secretaria de\u00a0<strong>Gobernaci\u00f3n<\/strong>, Luisa Mar\u00eda Alcalde, para ser \u201c<strong>m\u00e1s<\/strong>\u00a0<strong>afinada<\/strong>\u201d en\u00a0<strong>otorgar<\/strong>\u00a0la\u00a0<strong>condici\u00f3n de refugiado<\/strong>\u00a0a las personas solicitantes de asilo.<\/p>\n<p>As\u00ed lo explica el coordinador general del organismo,\u00a0<strong>Andr\u00e9s Alfonso Ram\u00edrez Silva<\/strong>, en una entrevista con EFE.<\/p>\n<p>\u201cHab\u00eda una gran preocupaci\u00f3n leg\u00edtima. Primera, nuestra, y as\u00ed se hizo ver a la secretaria y ella, buscando apoyarnos, nos dio algunas recomendaciones al respecto\u201d, relata.<\/p>\n<p>Estas gu\u00edas iban en la direcci\u00f3n de ser \u201cm\u00e1s afinados\u201d en cuanto a la admisi\u00f3n de personas en el proceso para otorgarles la condici\u00f3n de refugiadas, la misi\u00f3n central de la Comar, para que quienes la recibieran \u201cfueran los que realmente la necesitan\u201d, de acuerdo a Ram\u00edrez.<\/p>\n<p>\u201cAqu\u00ed quiero ser m\u00e1s expl\u00edcito\u201d, desgrana, porque \u201cla Comar no fue creada para que las personas viajen a Estados Unidos\u201d o para quienes \u201cno tienen una alternativa\u201d, sino que su esp\u00edritu es \u201cdar acceso\u201d a quienes \u201cnecesitan protecci\u00f3n internacional\u201d.<\/p>\n<p>Seg\u00fan Ram\u00edrez, \u201clo que estaba ocurriendo ya desde el 2021, pero todav\u00eda con m\u00e1s fuerza en 2023, es que muchos consideraban que ten\u00edan que pasar a la Comar antes para poder conseguir un documento para irse a Estados Unidos\u201d.<\/p>\n<p>La llegada de este grueso de personas descrito por Ram\u00edrez produce \u201cdos grandes aspectos muy negativos\u201d: \u201cUno es que se hace un uso inadecuado del sistema de asilo en detrimento de la Comar porque estaba pr\u00e1cticamente al borde del colapso\u201d.<\/p>\n<p>Y, el segundo, el \u201cdetrimento de los genuinos refugiados\u201d porque quedaban en una \u201csituaci\u00f3n muy complicada\u201d al tener la Comar que atender una \u201ccantidad enorme de personas\u201d que, en realidad, \u201cno necesitaban protecci\u00f3n internacional\u201d o, si la necesitaban, \u201cno la quer\u00edan en M\u00e9xico, sino en Estados Unidos\u201d.<\/p>\n<p>El resultado de las \u201cmedidas\u201d que se tomaron, seg\u00fan aporta el titular nombrado en 2018, es una disminuci\u00f3n de solicitantes y una \u201cm\u00e1s alta tasa de reconocimiento\u201d de quienes acuden.<\/p>\n<p>Las estad\u00edsticas de la Comar se\u00f1alan que, a partir de noviembre de 2023, cuando Alcalde llevaba pocos meses en la cartera de Gobernaci\u00f3n y despu\u00e9s de una visita a la ciudad fronteriza de Tapachula, Chiapas, se registr\u00f3 un descenso marcado de las solicitudes de asilo: 8 mil 626, frente a las 14 mil 703 de octubre.<\/p>\n<h3>\u00a0El impacto en las Visas por Razones Humanitarias<\/h3>\n<p>Cuando la Comar estudia si el solicitante puede recibir la condici\u00f3n de refugiado, se le brinda una constancia conforme se inici\u00f3 el proceso, lo que permite tener, entre otras identificaciones, una Tarjeta de Visitante por Razones Humanitarias (TVRH), que expide el Instituto Nacional de Migraci\u00f3n (INM).<\/p>\n<p>Es un t\u00edtulo al que, seg\u00fan el instituto, tiene derecho \u201ctoda persona en movilidad\u201d o quienes est\u00e1n tramitando el reconocimiento de la condici\u00f3n de refugiado.<\/p>\n<p>Tal cual refleja el Bolet\u00edn Mensual de Estad\u00edsticas Migratorias de 2023, sus cifras de expedici\u00f3n tambi\u00e9n se vieron influenciadas por la reuni\u00f3n capitaneada por Alcalde entre diferentes autoridades en Chiapas: si bien durante la mayor\u00eda del a\u00f1o se mantuvieron estables alrededor de las 13 mil TVRH mensuales, en octubre rompieron la barrera de los 10 mil y llegaron a 6 mil 699.<\/p>\n<p>La tendencia sigui\u00f3 durante los cinco primeros meses de 2024: en enero se emitieron 168; en febrero, 256; en marzo, 191; en abril, 272, y, en mayo, 356.<\/p>\n<p>Por otra parte, Ram\u00edrez rechaza categ\u00f3ricamente que la Comar aplique, junto a otras autoridades, una \u201cpol\u00edtica de cansar\u201d a los migrantes para que desistan de regularizar su situaci\u00f3n.<\/p>\n<p>\u201cLo refuto totalmente\u201d, asevera, y asegura que \u201cnosotros no cansamos a nadie ni nos cansamos, es nuestra obligaci\u00f3n, atribuci\u00f3n y convicci\u00f3n\u201d.<\/p>\n<p>Con la proximidad del adi\u00f3s del presidente, Andr\u00e9s Manuel L\u00f3pez Obrador, para el 1 de octubre, Ram\u00edrez lamenta que el\u00a0<strong>presupuesto<\/strong>\u00a0de la\u00a0<strong>Comar<\/strong>\u00a0es \u201c<strong>insuficiente<\/strong>\u201d, a pesar de celebrar que el organismo ha trabajado \u201ccomo nunca\u201d.<\/p>\n<p>As\u00ed, muestra optimismo por la llegada de Claudia Sheinbaum a las riendas del Palacio Nacional, pues su equipo se mostr\u00f3 \u201cmuy interesado\u201d en abordar su\u00a0<strong>presupuesto<\/strong>\u00a0durante la campa\u00f1a.<\/p>\n<p>\u201cEllos consideraban que era una obligaci\u00f3n del Estado mexicano el suministrar m\u00e1s recursos a la Comar\u201d, revela Ram\u00edrez, titular de un organismo que, tras quejas vecinales por la presencia de migrantes sintecho en sus cercan\u00edas, lleva dos meses con su sede operativa cerrada en la capital mexicana.<\/p>\n<p>Con informaci\u00f3n de EFE<\/p>\n","protected":false},"excerpt":{"rendered":"<p>La direcci\u00f3n de ser \u201cm\u00e1s afinados\u201d de la Segob fue para que quienes recibieran la condici\u00f3n de refugiado \u201cfueran los que realmente la necesitan\u201d. La\u00a0Comisi\u00f3n Mexicana de Ayuda a Refugiados\u00a0(Comar) recibi\u00f3 \u201calgunas\u00a0recomendaciones\u201d de parte de la secretaria de\u00a0Gobernaci\u00f3n, Luisa Mar\u00eda Alcalde, para ser \u201cm\u00e1s\u00a0afinada\u201d en\u00a0otorgar\u00a0la\u00a0condici\u00f3n de refugiado\u00a0a las personas solicitantes de asilo. As\u00ed lo explica el coordinador general del organismo,\u00a0Andr\u00e9s Alfonso Ram\u00edrez Silva, en una entrevista con EFE. \u201cHab\u00eda una gran preocupaci\u00f3n leg\u00edtima. Primera, nuestra, y as\u00ed se hizo ver a la secretaria y ella, buscando apoyarnos, nos dio algunas recomendaciones al respecto\u201d, relata. Estas gu\u00edas iban en la direcci\u00f3n [&hellip;]<\/p>\n","protected":false},"author":3,"featured_media":99495,"comment_status":"open","ping_status":"open","sticky":false,"template":"","format":"standard","meta":{"_jetpack_newsletter_access":"","_jetpack_dont_email_post_to_subs":false,"_jetpack_newsletter_tier_id":0,"_jetpack_memberships_contains_paywalled_content":false,"_jetpack_feature_clip_id":0,"_jetpack_memberships_contains_paid_content":false,"footnotes":"","jetpack_publicize_message":"","jetpack_publicize_feature_enabled":true,"jetpack_social_post_already_shared":true,"jetpack_social_options":{"image_generator_settings":{"template":"highway","default_image_id":0,"font":"","enabled":false},"version":2},"jetpack_post_was_ever_published":false},"categories":[75,72],"tags":[],"class_list":["post-99494","post","type-post","status-publish","format-standard","has-post-thumbnail","hentry","category-nacional","category-portada","post--single"],"jetpack_publicize_connections":[],"jetpack_featured_media_url":"https:\/\/ovelanalista.com\/wp-content\/uploads\/2024\/07\/andres-alfonso-titular-de-la-comar.webp","jetpack_sharing_enabled":true,"_links":{"self":[{"href":"https:\/\/ovelanalista.com\/index.php?rest_route=\/wp\/v2\/posts\/99494","targetHints":{"allow":["GET"]}}],"collection":[{"href":"https:\/\/ovelanalista.com\/index.php?rest_route=\/wp\/v2\/posts"}],"about":[{"href":"https:\/\/ovelanalista.com\/index.php?rest_route=\/wp\/v2\/types\/post"}],"author":[{"embeddable":true,"href":"https:\/\/ovelanalista.com\/index.php?rest_route=\/wp\/v2\/users\/3"}],"replies":[{"embeddable":true,"href":"https:\/\/ovelanalista.com\/index.php?rest_route=%2Fwp%2Fv2%2Fcomments&post=99494"}],"version-history":[{"count":1,"href":"https:\/\/ovelanalista.com\/index.php?rest_route=\/wp\/v2\/posts\/99494\/revisions"}],"predecessor-version":[{"id":99497,"href":"https:\/\/ovelanalista.com\/index.php?rest_route=\/wp\/v2\/posts\/99494\/revisions\/99497"}],"wp:featuredmedia":[{"embeddable":true,"href":"https:\/\/ovelanalista.com\/index.php?rest_route=\/wp\/v2\/media\/99495"}],"wp:attachment":[{"href":"https:\/\/ovelanalista.com\/index.php?rest_route=%2Fwp%2Fv2%2Fmedia&parent=99494"}],"wp:term":[{"taxonomy":"category","embeddable":true,"href":"https:\/\/ovelanalista.com\/index.php?rest_route=%2Fwp%2Fv2%2Fcategories&post=99494"},{"taxonomy":"post_tag","embeddable":true,"href":"https:\/\/ovelanalista.com\/index.php?rest_route=%2Fwp%2Fv2%2Ftags&post=99494"}],"curies":[{"name":"wp","href":"https:\/\/api.w.org\/{rel}","templated":true}]}}