{"id":99499,"date":"2024-07-22T13:00:03","date_gmt":"2024-07-22T19:00:03","guid":{"rendered":"https:\/\/ovelanalista.com\/?p=99499"},"modified":"2024-07-22T12:39:07","modified_gmt":"2024-07-22T18:39:07","slug":"jefe-policial-asesinado-en-coacalco-investigaba-atentado-contra-ciro-gomez-leyva","status":"publish","type":"post","link":"https:\/\/ovelanalista.com\/?p=99499","title":{"rendered":"Jefe policial asesinado en Coacalco investigaba atentado contra Ciro G\u00f3mez Leyva"},"content":{"rendered":"<p>Ciro G\u00f3mez Leyva dijo no dudar que Milton Morales \u201cera el perfil de polic\u00eda al que M\u00e9xico debe aspirar\u201d.<\/p>\n<p><strong>Milton<\/strong>\u00a0<strong>Morales<\/strong>, jefe policial en la Secretar\u00eda de Seguridad Ciudadana (SSC) de la Ciudad de M\u00e9xico que fue\u00a0<a href=\"https:\/\/lopezdoriga.com\/nacional\/asesinan-en-coacalco-a-milton-morales-mando-de-la-ssc-cdmx\/\" target=\"_blank\" rel=\"noopener\">asesinado<\/a>\u00a0en el Estado de M\u00e9xico, era parte del equipo que\u00a0<strong>investigaba<\/strong>\u00a0el\u00a0<strong>atentado<\/strong>\u00a0contra el periodista\u00a0<strong>Ciro G\u00f3mez Leyva<\/strong>.<\/p>\n<p>El coordinador general de la Unidad de Estrategia y Operaciones Especiales de la SSC capitalina fue\u00a0<strong>ultimado<\/strong>\u00a0en\u00a0<strong>Coacalco<\/strong>.<\/p>\n<p>Un video de seguridad muestra al mando policial esperar su turno en un negocio cuando un sujeto se acerca a \u00e9l\u00a0<strong>por la<\/strong>\u00a0<strong>espalda<\/strong>\u00a0y le\u00a0<strong>dispara<\/strong>\u00a0a la cabeza para huir de inmediato.<\/p>\n<blockquote class=\"twitter-tweet\" data-width=\"550\" data-dnt=\"true\">\n<p lang=\"es\" dir=\"ltr\">Asesinan a Milton Morales Figueroa, jefe de inteligencia de la Polic\u00eda de la Ciudad de M\u00e9xico, que investigaba el caso Ciro G\u00f3mez Leyva. <a href=\"https:\/\/twitter.com\/CiroGomezL?ref_src=twsrc%5Etfw\">@CiroGomezL<\/a> relata c\u00f3mo Morales, junto con Omar Garc\u00eda Harfuch, le habl\u00f3 sobre sus atacantes. <a href=\"https:\/\/twitter.com\/hashtag\/PorLaMa%C3%B1ana?src=hash&amp;ref_src=twsrc%5Etfw\">#PorLaMa\u00f1ana<\/a> <a href=\"https:\/\/t.co\/rqZz3ujJxW\">pic.twitter.com\/rqZz3ujJxW<\/a><\/p>\n<p>&mdash; Grupo F\u00f3rmula (@Radio_Formula) <a href=\"https:\/\/twitter.com\/Radio_Formula\/status\/1815379234589954234?ref_src=twsrc%5Etfw\">July 22, 2024<\/a><\/p><\/blockquote>\n<p><script async src=\"https:\/\/platform.twitter.com\/widgets.js\" charset=\"utf-8\"><\/script><\/p>\n<p>El periodista\u00a0<strong>Ciro G\u00f3mez Leyva<\/strong>\u00a0confirm\u00f3 que Milton Morales investigaba el atentado en su contra, ocurrido en diciembre de 2022, y cuestion\u00f3 que siendo una figura tan importante dentro de la SSC no contara con protecci\u00f3n alguna, inclusive en sus d\u00edas libres.<\/p>\n<p>Relat\u00f3 que en enero de 2023 sostuvo una reuni\u00f3n con Omar Garc\u00eda Harfuch, entonces titular de la SSC, en la que particip\u00f3 Morales Figueroa.<\/p>\n<p>Ambos le notificaron los avances en la investigaci\u00f3n.<\/p>\n<blockquote><p>Milton hizo una peque\u00f1a exposici\u00f3n, sin mencionarme nombres me dio una informaci\u00f3n general que menos de 24 horas despu\u00e9s se hizo p\u00fablica con la\u00a0<a href=\"https:\/\/lopezdoriga.com\/nacional\/vinculan-a-proceso-a-los-12-detenidos-por-atentado-contra-ciro-gomez-leyva\/\" target=\"_blank\" rel=\"noopener\">detenci\u00f3n de 12 personas<\/a>\u201c, record\u00f3.<\/p><\/blockquote>\n<p>Ciro G\u00f3mez Leyva dijo no dudar que Milton Morales \u201cera el perfil de polic\u00eda al que M\u00e9xico debe aspirar\u201d.<\/p>\n<p>D\u00edas antes de su asesinato, el jefe policial hab\u00eda coordinado\u00a0<strong>operativos<\/strong>\u00a0contra el\u00a0<strong>crimen organizado<\/strong>\u00a0en\u00a0<strong>Iztapalapa<\/strong>.<\/p>\n<p>Asimismo, se presume que formar\u00eda parte del\u00a0<strong>equipo<\/strong>\u00a0de<strong>\u00a0Omar Garc\u00eda Harfuch<\/strong>\u00a0como\u00a0<strong>secretario de Seguridad y Protecci\u00f3n Ciudadana<\/strong>\u00a0federal.<\/p>\n<blockquote class=\"twitter-tweet\" data-width=\"550\" data-dnt=\"true\">\n<p lang=\"es\" dir=\"ltr\">Descanse en paz nuestro amigo y compa\u00f1ero Milton. <br \/>Un hombre sumamente generoso, extraordinario investigador, gran mexicano y sobre todo gran amigo. <br \/>C\u00f3mo equipo daremos con los responsables como siempre lo hemos hecho.<\/p>\n<p>&mdash; Omar H Garcia Harfuch (@OHarfuch) <a href=\"https:\/\/twitter.com\/OHarfuch\/status\/1815135681414299936?ref_src=twsrc%5Etfw\">July 21, 2024<\/a><\/p><\/blockquote>\n<p><script async src=\"https:\/\/platform.twitter.com\/widgets.js\" charset=\"utf-8\"><\/script><\/p>\n<div class=\"entry-content entry-grid mx-auto col-12 col-lg-12 col-xl-10\">\n<div class=\"entry-grid__content-area2 entry-main-text\">\n<div class=\"row\">\n<div class=\"col-12 col-lg-8\">\n<div class=\"article-content\">\n<p>Tras la noticia de su asesinato, Garc\u00eda Harfuch record\u00f3 a Milton Morales como \u201cun hombre sumamente generoso, extraordinario investigador, gran mexicano y sobre todo gran amigo\u201d.<\/p>\n<p>La SSC capitalina se comprometi\u00f3 a dar con los responsables del homicidio.<\/p>\n<p>Con informaci\u00f3n de L\u00f3pez-D\u00f3riga Digital<\/p>\n<\/div>\n<\/div>\n<\/div>\n<\/div>\n<\/div>\n","protected":false},"excerpt":{"rendered":"<p>Ciro G\u00f3mez Leyva dijo no dudar que Milton Morales \u201cera el perfil de polic\u00eda al que M\u00e9xico debe aspirar\u201d. Milton\u00a0Morales, jefe policial en la Secretar\u00eda de Seguridad Ciudadana (SSC) de la Ciudad de M\u00e9xico que fue\u00a0asesinado\u00a0en el Estado de M\u00e9xico, era parte del equipo que\u00a0investigaba\u00a0el\u00a0atentado\u00a0contra el periodista\u00a0Ciro G\u00f3mez Leyva. El coordinador general de la Unidad de Estrategia y Operaciones Especiales de la SSC capitalina fue\u00a0ultimado\u00a0en\u00a0Coacalco. Un video de seguridad muestra al mando policial esperar su turno en un negocio cuando un sujeto se acerca a \u00e9l\u00a0por la\u00a0espalda\u00a0y le\u00a0dispara\u00a0a la cabeza para huir de inmediato. Asesinan a Milton Morales Figueroa, jefe [&hellip;]<\/p>\n","protected":false},"author":3,"featured_media":99501,"comment_status":"open","ping_status":"open","sticky":false,"template":"","format":"standard","meta":{"_jetpack_newsletter_access":"","_jetpack_dont_email_post_to_subs":false,"_jetpack_newsletter_tier_id":0,"_jetpack_memberships_contains_paywalled_content":false,"_jetpack_feature_clip_id":0,"_jetpack_memberships_contains_paid_content":false,"footnotes":"","jetpack_publicize_message":"","jetpack_publicize_feature_enabled":true,"jetpack_social_post_already_shared":true,"jetpack_social_options":{"image_generator_settings":{"template":"highway","default_image_id":0,"font":"","enabled":false},"version":2},"jetpack_post_was_ever_published":false},"categories":[75,72],"tags":[],"class_list":["post-99499","post","type-post","status-publish","format-standard","has-post-thumbnail","hentry","category-nacional","category-portada","post--single"],"jetpack_publicize_connections":[],"jetpack_featured_media_url":"https:\/\/ovelanalista.com\/wp-content\/uploads\/2024\/07\/milton-morales-figueroa.webp","jetpack_sharing_enabled":true,"_links":{"self":[{"href":"https:\/\/ovelanalista.com\/index.php?rest_route=\/wp\/v2\/posts\/99499","targetHints":{"allow":["GET"]}}],"collection":[{"href":"https:\/\/ovelanalista.com\/index.php?rest_route=\/wp\/v2\/posts"}],"about":[{"href":"https:\/\/ovelanalista.com\/index.php?rest_route=\/wp\/v2\/types\/post"}],"author":[{"embeddable":true,"href":"https:\/\/ovelanalista.com\/index.php?rest_route=\/wp\/v2\/users\/3"}],"replies":[{"embeddable":true,"href":"https:\/\/ovelanalista.com\/index.php?rest_route=%2Fwp%2Fv2%2Fcomments&post=99499"}],"version-history":[{"count":1,"href":"https:\/\/ovelanalista.com\/index.php?rest_route=\/wp\/v2\/posts\/99499\/revisions"}],"predecessor-version":[{"id":99502,"href":"https:\/\/ovelanalista.com\/index.php?rest_route=\/wp\/v2\/posts\/99499\/revisions\/99502"}],"wp:featuredmedia":[{"embeddable":true,"href":"https:\/\/ovelanalista.com\/index.php?rest_route=\/wp\/v2\/media\/99501"}],"wp:attachment":[{"href":"https:\/\/ovelanalista.com\/index.php?rest_route=%2Fwp%2Fv2%2Fmedia&parent=99499"}],"wp:term":[{"taxonomy":"category","embeddable":true,"href":"https:\/\/ovelanalista.com\/index.php?rest_route=%2Fwp%2Fv2%2Fcategories&post=99499"},{"taxonomy":"post_tag","embeddable":true,"href":"https:\/\/ovelanalista.com\/index.php?rest_route=%2Fwp%2Fv2%2Ftags&post=99499"}],"curies":[{"name":"wp","href":"https:\/\/api.w.org\/{rel}","templated":true}]}}