{"id":99500,"date":"2024-07-22T13:15:31","date_gmt":"2024-07-22T19:15:31","guid":{"rendered":"https:\/\/ovelanalista.com\/?p=99500"},"modified":"2024-07-22T12:43:04","modified_gmt":"2024-07-22T18:43:04","slug":"si-hubo-confusion-que-se-aclare-amlo-sobre-respuesta-de-sheinbaum-y-ebrard-a-dichos-de-trump","status":"publish","type":"post","link":"https:\/\/ovelanalista.com\/?p=99500","title":{"rendered":"\u201cSi hubo confusi\u00f3n, que se aclare\u201d: AMLO sobre respuesta de Sheinbaum y Ebrard a dichos de Trump"},"content":{"rendered":"<p>Tras los dichos de Trump en Michigan, L\u00f3pez Obrador apunt\u00f3 que a EE.UU. como a M\u00e9xico les conviene una pol\u00edtica de buena vecindad.<\/p>\n<p class=\"p1\">El presidente de M\u00e9xico,\u00a0<a href=\"https:\/\/twitter.com\/lopezobrador_\" target=\"_blank\" rel=\"noreferrer noopener\"><span class=\"s1\"><b>Andr\u00e9s Manuel<\/b><\/span><\/a><b>\u00a0L\u00f3pez Obrador<\/b>, dio su apoyo tanto a la virtual mandataria electa,\u00a0<strong>Claudia Sheinbaum<\/strong>, como al excanciller\u00a0<strong>Marcelo Ebrard<\/strong>, tras los\u00a0<a href=\"https:\/\/lopezdoriga.com\/nacional\/sheinbaum-ebrard-responden-trump-decir-obtuvo-todo-mexico-negociaciones-2019\/?swcfpc=1\" target=\"_blank\" rel=\"noopener\">dichos el fin de semana<\/a>\u00a0en\u00a0<strong>Michigan<\/strong>\u00a0por parte del candidato republicano a la Presidencia de EE.UU., el exmandatario\u00a0<strong>Donald Trump<\/strong>.<\/p>\n<p><iframe loading=\"lazy\" title=\"#ConferenciaPresidente | Lunes 22 de julio de 2024\" width=\"1200\" height=\"675\" src=\"https:\/\/www.youtube.com\/embed\/tuWDC7UNGHI?feature=oembed\" frameborder=\"0\" allow=\"accelerometer; autoplay; clipboard-write; encrypted-media; gyroscope; picture-in-picture; web-share\" referrerpolicy=\"strict-origin-when-cross-origin\" allowfullscreen><\/iframe><\/p>\n<p class=\"p1\">En la conferencia matutina de Palacio Nacional, L\u00f3pez Obrador pidi\u00f3 que se aclare en caso de que exista una confusi\u00f3n en la respuesta de Sheinbaum Pardo y Ebrard Casaub\u00f3n a las declaraciones del exmandatario estadounidense.<\/p>\n<p>\u201cYo apoyo a la presidenta electa, porque es quien nos va a representar, nuestra presidenta. Adem\u00e1s no se tiene un presidente en este caso, por primera vez en la historia de M\u00e9xico, a una mujer que cuente con tanta legitimidad, no solo gana legalmente, sino que obtiene much\u00edsimos votos, nadie en la historia de M\u00e9xico hab\u00eda alcanzado 36 millones de votos\u201d, dijo.<\/p>\n<p>\u201cEs una presidenta electa fuerte, adem\u00e1s inteligente, preparada, honesta, esto es muy importante y lo subray\u00f3, porque eso es lo que da la autoridad moral, permite que se tenga autoridad moral y autoridad pol\u00edtica, un gobernante deshonesto corrupto, no tiene autoridad moral ni pol\u00edtica, es susceptible de ser chantajeado, lo ningunean\u201d, destac\u00f3.<\/p>\n<blockquote><p>Por eso estoy de acuerdo con lo que extern\u00f3, y desde luego que le tengo mucha admiraci\u00f3n como servidor p\u00fablico a Marcelo Ebrard y si hubo una confusi\u00f3n, que se aclare y que quede de manifiesto que nosotros los mexicanos con Claudia Sheinbaum vamos a insistir en que se mantenga una pol\u00edtica de buena vecindad con EE.UU., porque conviene a nuestros pueblos. No a la confrontaci\u00f3n, s\u00ed di\u00e1logo, s\u00ed cooperaci\u00f3n, s\u00ed a los acuerdos, s\u00ed respeto a nuestras soberan\u00edas\u201d, puntualiz\u00f3.<\/p><\/blockquote>\n<p>La virtual presidenta electa\u00a0<strong>Claudia Sheinbaum<\/strong>\u00a0y el pr\u00f3ximo secretario de Econom\u00eda,\u00a0<strong>Marcelo Ebrard<\/strong>, respondieron al discurso del exmandatario y candidato republicano a la Presidencia de Estados Unidos,\u00a0<strong>Donald Trump<\/strong>, durante un\u00a0<strong>mitin<\/strong>\u00a0en\u00a0<strong>Michigan<\/strong>\u00a0el s\u00e1bado.<\/p>\n<p>En dicho discurso, Trump cont\u00f3 la negociaci\u00f3n que mantuvo en junio de 2019 con Ebrard Casaub\u00f3n cuando fung\u00eda como canciller, con el objetivo de que el Gobierno de\u00a0<strong>Andr\u00e9s Manuel L\u00f3pez Obrador<\/strong>\u00a0vigilara la\u00a0<strong>frontera<\/strong>\u00a0entre EE.UU. y M\u00e9xico con\u00a0<strong>28 mil soldados<\/strong>\u00a0o pondr\u00eda\u00a0<strong>aranceles<\/strong>\u00a0a diversos productos mexicanos.<\/p>\n<p>En redes sociales, Ebrard Casaub\u00f3n calific\u00f3 las declaraciones de Trump como un \u201cinsulto\u201d que no lo intimida, y apunt\u00f3 que defender\u00e1 los intereses de M\u00e9xico cuando sea titular de Econom\u00eda.<\/p>\n<p>\u201cCuando te insultan en campa\u00f1a, como acaba de hacerlo el expresidente Trump, siempre hay un prop\u00f3sito electoral: ganar adeptos. Nunca aceptar\u00e9 calificaci\u00f3n de un candidato en el exterior. No me intimida. Defender\u00e9 los intereses de M\u00e9xico con toda dignidad y firmeza\u201d, indic\u00f3.<\/p>\n<p>Por su parte, la virtual presidenta electa Claudia Sheinbaum calific\u00f3 el lenguaje utilizado por Trump contra Ebrard como soez, y apunt\u00f3 que el excanciller es uno de los \u201cmejores servidores p\u00fablicos de M\u00e9xico\u201d:<\/p>\n<p>\u201cLamento el lenguaje soez del expresidente Trump y desde luego discrepo de su opini\u00f3n sobre<br \/>\n@m_ebrard. Para m\u00ed es uno de los mejores servidores p\u00fablicos de M\u00e9xico y ser\u00e1 un gran secretario de econom\u00eda de nuestro pa\u00eds, que nadie debe olvidar, es libre y soberano\u201d, se\u00f1al\u00f3.<\/p>\n<p>Con informaci\u00f3n de L\u00f3pez-D\u00f3riga Digital<\/p>\n","protected":false},"excerpt":{"rendered":"<p>Tras los dichos de Trump en Michigan, L\u00f3pez Obrador apunt\u00f3 que a EE.UU. como a M\u00e9xico les conviene una pol\u00edtica de buena vecindad. El presidente de M\u00e9xico,\u00a0Andr\u00e9s Manuel\u00a0L\u00f3pez Obrador, dio su apoyo tanto a la virtual mandataria electa,\u00a0Claudia Sheinbaum, como al excanciller\u00a0Marcelo Ebrard, tras los\u00a0dichos el fin de semana\u00a0en\u00a0Michigan\u00a0por parte del candidato republicano a la Presidencia de EE.UU., el exmandatario\u00a0Donald Trump. En la conferencia matutina de Palacio Nacional, L\u00f3pez Obrador pidi\u00f3 que se aclare en caso de que exista una confusi\u00f3n en la respuesta de Sheinbaum Pardo y Ebrard Casaub\u00f3n a las declaraciones del exmandatario estadounidense. \u201cYo apoyo a la [&hellip;]<\/p>\n","protected":false},"author":3,"featured_media":99503,"comment_status":"open","ping_status":"open","sticky":false,"template":"","format":"standard","meta":{"_jetpack_newsletter_access":"","_jetpack_dont_email_post_to_subs":false,"_jetpack_newsletter_tier_id":0,"_jetpack_memberships_contains_paywalled_content":false,"_jetpack_feature_clip_id":0,"_jetpack_memberships_contains_paid_content":false,"footnotes":"","jetpack_publicize_message":"","jetpack_publicize_feature_enabled":true,"jetpack_social_post_already_shared":true,"jetpack_social_options":{"image_generator_settings":{"template":"highway","default_image_id":0,"font":"","enabled":false},"version":2},"jetpack_post_was_ever_published":false},"categories":[75,72],"tags":[],"class_list":["post-99500","post","type-post","status-publish","format-standard","has-post-thumbnail","hentry","category-nacional","category-portada","post--single"],"jetpack_publicize_connections":[],"jetpack_featured_media_url":"https:\/\/ovelanalista.com\/wp-content\/uploads\/2024\/07\/amlo-lopez-obrador-sheinbaum-1.webp","jetpack_sharing_enabled":true,"_links":{"self":[{"href":"https:\/\/ovelanalista.com\/index.php?rest_route=\/wp\/v2\/posts\/99500","targetHints":{"allow":["GET"]}}],"collection":[{"href":"https:\/\/ovelanalista.com\/index.php?rest_route=\/wp\/v2\/posts"}],"about":[{"href":"https:\/\/ovelanalista.com\/index.php?rest_route=\/wp\/v2\/types\/post"}],"author":[{"embeddable":true,"href":"https:\/\/ovelanalista.com\/index.php?rest_route=\/wp\/v2\/users\/3"}],"replies":[{"embeddable":true,"href":"https:\/\/ovelanalista.com\/index.php?rest_route=%2Fwp%2Fv2%2Fcomments&post=99500"}],"version-history":[{"count":1,"href":"https:\/\/ovelanalista.com\/index.php?rest_route=\/wp\/v2\/posts\/99500\/revisions"}],"predecessor-version":[{"id":99505,"href":"https:\/\/ovelanalista.com\/index.php?rest_route=\/wp\/v2\/posts\/99500\/revisions\/99505"}],"wp:featuredmedia":[{"embeddable":true,"href":"https:\/\/ovelanalista.com\/index.php?rest_route=\/wp\/v2\/media\/99503"}],"wp:attachment":[{"href":"https:\/\/ovelanalista.com\/index.php?rest_route=%2Fwp%2Fv2%2Fmedia&parent=99500"}],"wp:term":[{"taxonomy":"category","embeddable":true,"href":"https:\/\/ovelanalista.com\/index.php?rest_route=%2Fwp%2Fv2%2Fcategories&post=99500"},{"taxonomy":"post_tag","embeddable":true,"href":"https:\/\/ovelanalista.com\/index.php?rest_route=%2Fwp%2Fv2%2Ftags&post=99500"}],"curies":[{"name":"wp","href":"https:\/\/api.w.org\/{rel}","templated":true}]}}