{"id":99506,"date":"2024-07-22T13:45:02","date_gmt":"2024-07-22T19:45:02","guid":{"rendered":"https:\/\/ovelanalista.com\/?p=99506"},"modified":"2024-07-22T12:48:42","modified_gmt":"2024-07-22T18:48:42","slug":"falso-que-tren-maya-haya-destruido-patrimonio-cultural-e-historico-inah","status":"publish","type":"post","link":"https:\/\/ovelanalista.com\/?p=99506","title":{"rendered":"Falso que Tren Maya haya destruido patrimonio cultural e hist\u00f3rico: INAH"},"content":{"rendered":"<p>Diego Prieto, director del INAH, apunt\u00f3 que el Instituto a su cargo se ha encargado de preservar el patrimonio localizado en el Tren Maya.<\/p>\n<p><strong>Diego Prieto Hern\u00e1ndez<\/strong>, director general del\u00a0<strong>Instituto Nacional de Antropolog\u00eda e Historia<\/strong>\u00a0(<strong>INAH<\/strong>), detall\u00f3 que es\u00a0<strong>falso<\/strong>\u00a0que se haya\u00a0<strong>destruido patrimonio hist\u00f3rico y cultural<\/strong>\u00a0en la construcci\u00f3n del\u00a0<strong>Tren Maya<\/strong>, uno de los proyectos prioritarios del Gobierno de<strong><a href=\"https:\/\/twitter.com\/lopezobrador_\" target=\"_blank\" rel=\"noopener noreferrer\">\u00a0Andr\u00e9s Manuel<\/a>\u00a0L\u00f3pez Obrador<\/strong>.<\/p>\n<p><iframe loading=\"lazy\" title=\"Conferencia de prensa matutina del lunes 22 de julio, 2024\" width=\"1200\" height=\"675\" src=\"https:\/\/www.youtube.com\/embed\/ctUnr2bJLlY?feature=oembed\" frameborder=\"0\" allow=\"accelerometer; autoplay; clipboard-write; encrypted-media; gyroscope; picture-in-picture; web-share\" referrerpolicy=\"strict-origin-when-cross-origin\" allowfullscreen><\/iframe><\/p>\n<p class=\"p1\">En la conferencia matutina de Palacio Nacional, Prieto Hern\u00e1ndez apunt\u00f3 que el INAH se ha encargado de la preservaci\u00f3n de dicho patrimonio durante la realizaci\u00f3n de dicho proyecto.<\/p>\n<div id=\"ros-inread-6pra1a\" class=\"ad-container dfp-ad-unit ad-inread ad-main-inread ad-slot\" data-ad-type=\"inread\" data-slot=\"inread\" data-ad-loaded=\"1\" data-ad-setup=\"{&quot;postID&quot;:1637431,&quot;canRefresh&quot;:false,&quot;infinitescroll&quot;:false}\" data-google-query-id=\"CPWs0rCnu4cDFYgETwgd_LEcAQ\">\n<p class=\"p1\">\u201cEn este tramo de Esc\u00e1rcega a Calkin\u00ed se realizaron exhaustivos trabajos arqueol\u00f3gicos con el fin de preservar el patrimonio cultural de la regi\u00f3n y asegurar una adecuada integraci\u00f3n de la infraestructura ferroviaria con su entorno hist\u00f3rico y cultural\u201d, indic\u00f3.<\/p>\n<blockquote><p>Es falso, como lo han asegurado algunos medios, que haya alguna clase de destrucci\u00f3n del patrimonio hist\u00f3rico y cultural, el INAH se ha estado ocupando de preservar este patrimonio\u201d, expuso.<\/p><\/blockquote>\n<p>El titular del INAH apunt\u00f3 que se lograron preservar ocho \u00e1reas de monumentos arqueol\u00f3gicos, as\u00ed como hallazgos significativos en antiguas ciudades mayas.<\/p>\n<p>\u201cLo se\u00f1alamos sin especificar syu ubicaci\u00f3n porque debemos evitar el saqueo que con poca frecuencia, pero en algunos casos algunos grupos llevan a cabo cuando detectan que hay lugares con vestigios arqueol\u00f3gicos\u201d, se\u00f1al\u00f3.<\/p>\n<p>El proyecto insignia del presidente L\u00f3pez Obrador contempla mil 554 kil\u00f3metros con siete tramos que atraviesan cinco estados y 36 municipios, adem\u00e1s de que cuenta con un total de 34 estaciones.<\/p>\n<p>Desde su inauguraci\u00f3n en diciembre de 2023 y hasta el pasado 11 de julio, el Tren Maya ha operado durante 205 d\u00edas, en los que ha movido a un total de\u00a0<a href=\"https:\/\/lopezdoriga.com\/nacional\/tren-maya-movilizo-diciembre-fecha-casi-250-mil-pasajeros\/\" target=\"_blank\" rel=\"noopener\">246 mil 929 personas<\/a>.<\/p>\n<p>Con informaci\u00f3n de L\u00f3pez-D\u00f3riga Digital<\/p>\n<\/div>\n<div data-ad-type=\"inread\" data-slot=\"inread\" data-ad-loaded=\"1\" data-ad-setup=\"{&quot;postID&quot;:1637431,&quot;canRefresh&quot;:false,&quot;infinitescroll&quot;:false}\" data-google-query-id=\"CPWs0rCnu4cDFYgETwgd_LEcAQ\"><\/div>\n","protected":false},"excerpt":{"rendered":"<p>Diego Prieto, director del INAH, apunt\u00f3 que el Instituto a su cargo se ha encargado de preservar el patrimonio localizado en el Tren Maya. Diego Prieto Hern\u00e1ndez, director general del\u00a0Instituto Nacional de Antropolog\u00eda e Historia\u00a0(INAH), detall\u00f3 que es\u00a0falso\u00a0que se haya\u00a0destruido patrimonio hist\u00f3rico y cultural\u00a0en la construcci\u00f3n del\u00a0Tren Maya, uno de los proyectos prioritarios del Gobierno de\u00a0Andr\u00e9s Manuel\u00a0L\u00f3pez Obrador. En la conferencia matutina de Palacio Nacional, Prieto Hern\u00e1ndez apunt\u00f3 que el INAH se ha encargado de la preservaci\u00f3n de dicho patrimonio durante la realizaci\u00f3n de dicho proyecto. \u201cEn este tramo de Esc\u00e1rcega a Calkin\u00ed se realizaron exhaustivos trabajos arqueol\u00f3gicos con el [&hellip;]<\/p>\n","protected":false},"author":3,"featured_media":99509,"comment_status":"open","ping_status":"open","sticky":false,"template":"","format":"standard","meta":{"_jetpack_newsletter_access":"","_jetpack_dont_email_post_to_subs":false,"_jetpack_newsletter_tier_id":0,"_jetpack_memberships_contains_paywalled_content":false,"_jetpack_feature_clip_id":0,"_jetpack_memberships_contains_paid_content":false,"footnotes":"","jetpack_publicize_message":"","jetpack_publicize_feature_enabled":true,"jetpack_social_post_already_shared":true,"jetpack_social_options":{"image_generator_settings":{"template":"highway","default_image_id":0,"font":"","enabled":false},"version":2},"jetpack_post_was_ever_published":false},"categories":[75,72],"tags":[],"class_list":["post-99506","post","type-post","status-publish","format-standard","has-post-thumbnail","hentry","category-nacional","category-portada","post--single"],"jetpack_publicize_connections":[],"jetpack_featured_media_url":"https:\/\/ovelanalista.com\/wp-content\/uploads\/2024\/07\/piezas-arqueologicas-tren-maya-inah.webp","jetpack_sharing_enabled":true,"_links":{"self":[{"href":"https:\/\/ovelanalista.com\/index.php?rest_route=\/wp\/v2\/posts\/99506","targetHints":{"allow":["GET"]}}],"collection":[{"href":"https:\/\/ovelanalista.com\/index.php?rest_route=\/wp\/v2\/posts"}],"about":[{"href":"https:\/\/ovelanalista.com\/index.php?rest_route=\/wp\/v2\/types\/post"}],"author":[{"embeddable":true,"href":"https:\/\/ovelanalista.com\/index.php?rest_route=\/wp\/v2\/users\/3"}],"replies":[{"embeddable":true,"href":"https:\/\/ovelanalista.com\/index.php?rest_route=%2Fwp%2Fv2%2Fcomments&post=99506"}],"version-history":[{"count":1,"href":"https:\/\/ovelanalista.com\/index.php?rest_route=\/wp\/v2\/posts\/99506\/revisions"}],"predecessor-version":[{"id":99511,"href":"https:\/\/ovelanalista.com\/index.php?rest_route=\/wp\/v2\/posts\/99506\/revisions\/99511"}],"wp:featuredmedia":[{"embeddable":true,"href":"https:\/\/ovelanalista.com\/index.php?rest_route=\/wp\/v2\/media\/99509"}],"wp:attachment":[{"href":"https:\/\/ovelanalista.com\/index.php?rest_route=%2Fwp%2Fv2%2Fmedia&parent=99506"}],"wp:term":[{"taxonomy":"category","embeddable":true,"href":"https:\/\/ovelanalista.com\/index.php?rest_route=%2Fwp%2Fv2%2Fcategories&post=99506"},{"taxonomy":"post_tag","embeddable":true,"href":"https:\/\/ovelanalista.com\/index.php?rest_route=%2Fwp%2Fv2%2Ftags&post=99506"}],"curies":[{"name":"wp","href":"https:\/\/api.w.org\/{rel}","templated":true}]}}