{"id":99510,"date":"2024-07-22T14:00:01","date_gmt":"2024-07-22T20:00:01","guid":{"rendered":"https:\/\/ovelanalista.com\/?p=99510"},"modified":"2024-07-22T13:03:00","modified_gmt":"2024-07-22T19:03:00","slug":"capturan-a-el-porro-lider-criminal-senalado-por-atacar-a-agentes-de-seguridad-en-guanajuato","status":"publish","type":"post","link":"https:\/\/ovelanalista.com\/?p=99510","title":{"rendered":"Capturan a \u2018El Porro\u2019, l\u00edder criminal se\u00f1alado por atacar a agentes de seguridad en Guanajuato"},"content":{"rendered":"<p>La Fiscal\u00eda de Guanajuato identific\u00f3 a Germ\u00e1n \u201cN\u201d, alias \u2018El Porro\u2019 como generador de violencia en la zona Laja-Baj\u00edo.<\/p>\n<p>La\u00a0<strong>Fiscal\u00eda de Guanajuato<\/strong>\u00a0inform\u00f3 de la detenci\u00f3n de\u00a0<strong>Germ\u00e1n \u201cN\u201d<\/strong>, alias\u00a0<em><strong>El Porro,<\/strong><\/em>\u00a0junto a otros dos sujetos m\u00e1s, identificados como\u00a0<strong>Cristian \u201cN\u201d<\/strong>\u00a0y\u00a0<strong>Juan Leonel \u201cN\u201d<\/strong>.<\/p>\n<blockquote class=\"twitter-tweet\" data-width=\"550\" data-dnt=\"true\">\n<p lang=\"es\" dir=\"ltr\"><a href=\"https:\/\/twitter.com\/hashtag\/FGEInforma?src=hash&amp;ref_src=twsrc%5Etfw\">#FGEInforma<\/a><\/p>\n<p>LA <a href=\"https:\/\/twitter.com\/hashtag\/FISCAL%C3%8DAGUANAJUATO?src=hash&amp;ref_src=twsrc%5Etfw\">#FISCAL\u00cdAGUANAJUATO<\/a> LOGR\u00d3 DESARTICULAR C\u00c9LULA DELICTIVA Y  CAPTURAR A SU L\u00cdDER CRIMINAL, OPERABAN EN LA ZONA LAJA-BAJ\u00cdO<\/p>\n<p>La captura del capo criminal se logr\u00f3 derivado de los trabajos de investigaci\u00f3n encabezados por la Fiscal\u00eda de Guanajuato por el ataque a\u2026 <a href=\"https:\/\/t.co\/kEJmPPATne\">pic.twitter.com\/kEJmPPATne<\/a><\/p>\n<p>&mdash; Fiscal\u00eda General del Estado de Guanajuato (@FGEGUANAJUATO) <a href=\"https:\/\/twitter.com\/FGEGUANAJUATO\/status\/1815122954759680159?ref_src=twsrc%5Etfw\">July 21, 2024<\/a><\/p><\/blockquote>\n<p><script async src=\"https:\/\/platform.twitter.com\/widgets.js\" charset=\"utf-8\"><\/script><\/p>\n<p>Por medio de un comunicado, la autoridad de Guanajuato identific\u00f3 a Germ\u00e1n \u201cN\u201d como el presunto l\u00edder de una c\u00e9lula criminal y generador de violencia en la zona Laja-Baj\u00edo.<\/p>\n<p>Se apunt\u00f3 que la captura de\u00a0<em>El Porro<\/em>\u00a0se logr\u00f3 derivado de los trabajos de investigaci\u00f3n encabezados por la Fiscal\u00eda estatal, tras el\u00a0<strong>ataque<\/strong>\u00a0a\u00a0<strong>agentes de investigaci\u00f3n criminal<\/strong>\u00a0registrado el\u00a0<strong>10 de julio<\/strong>, justo a un costado de la\u00a0<strong>carretera Panamericana Celaya\u2013Salamanca<\/strong>.<\/p>\n<p>El d\u00eda de los hechos los agentes de investigaci\u00f3n se encontraban en una estaci\u00f3n de gasolina para abastecer la unidad a su cargo, momento en que fueron atacados por dos sujetos a bordo de una motocicleta.\u00a0<em>El Porro<\/em>\u00a0y un c\u00f3mplice m\u00e1s se transportaban en un autom\u00f3vil desde donde vigilaban para concretar la agresi\u00f3n.<\/p>\n<p>\u201cCon los trabajos de investigaci\u00f3n se logr\u00f3 establecer que Germ\u00e1n \u201cN\u201d, ordeno el artero ataque en contra de los agentes investigadores\u201d, apunt\u00f3 la Fiscal\u00eda en el comunicado.<\/p>\n<div id=\"ros-inread-multiple-8tpbm2\" class=\"ad-container dfp-ad-unit ad-inread ad-slot\" data-ad-type=\"inreadbox\" data-slot=\"inread-multiple\" data-ad-loaded=\"1\" data-ad-setup=\"{&quot;postID&quot;:1637417,&quot;canRefresh&quot;:false,&quot;infinitescroll&quot;:false}\" data-google-query-id=\"CJbtj9mqu4cDFcoITwgdoqgJow\"><\/div>\n<div data-ad-type=\"inreadbox\" data-slot=\"inread-multiple\" data-ad-loaded=\"1\" data-ad-setup=\"{&quot;postID&quot;:1637417,&quot;canRefresh&quot;:false,&quot;infinitescroll&quot;:false}\" data-google-query-id=\"CJbtj9mqu4cDFcoITwgdoqgJow\">\n<div class=\"entry-content entry-grid mx-auto col-12 col-lg-12 col-xl-10\">\n<div class=\"entry-grid__content-area2 entry-main-text\">\n<div class=\"row\">\n<div class=\"col-12 col-lg-8\">\n<div class=\"article-content\">\n<p>Un agente del Ministerio P\u00fablico integr\u00f3 en la carpeta de investigaci\u00f3n diversas pruebas, cuyo valor probatorio permiti\u00f3 que los inculpados fueran vinculados a proceso penal por el delito de homicidio en agravio de servidores p\u00fablicos en grado de tentativa y permanecer\u00e1n en prisi\u00f3n.<\/p>\n<p>La Fiscal\u00eda de Guanajuato apunt\u00f3 que las investigaciones serguir\u00e1n su curso para establecer en cuales eventos delictivos han participado los inculpados.<\/p>\n<div>Con informaci\u00f3n de L\u00f3pez-D\u00f3riga Digital<\/div>\n<\/div>\n<\/div>\n<div class=\"col-12 col-lg-4 d-none d-lg-block\">\n<div class=\"sidebar-content-area\">\n<div id=\"ros-box-a-669e9a3936013\" class=\"ad-container dfp-ad-unit ad-custom ad-boxbanner ad-slot\" data-ad-type=\"custom\" data-slot=\"ros-box-a\" data-ad-setup=\"{&quot;postID&quot;:1637417,&quot;css&quot;:&quot;ad-boxbanner&quot;,&quot;canRefresh&quot;:true,&quot;mappings&quot;:{&quot;sizes&quot;:[[300,250],[300,600]],&quot;desktop&quot;:[[300,250],[300,600]],&quot;mobile&quot;:[],&quot;all&quot;:[]},&quot;infinitescroll&quot;:false}\" data-ad-loaded=\"1\" data-google-query-id=\"CJn93PWnu4cDFYAmTwgdJX46JA\"><\/div>\n<\/div>\n<\/div>\n<\/div>\n<\/div>\n<\/div>\n<div class=\"col-12\">\n<footer class=\"mt-5\">\n<div id=\"ros-top-b-669e9a3937aa4\" class=\"ad-container dfp-ad-unit ad-billboardboxmobile ad-superbanner ad-slot\" data-ad-type=\"billboardboxmobile\" data-slot=\"ros-top-b\" data-ad-setup=\"{&quot;postID&quot;:1637417,&quot;css&quot;:&quot;ad-superbanner&quot;,&quot;canRefresh&quot;:true,&quot;mappings&quot;:[],&quot;infinitescroll&quot;:false}\" data-ad-loaded=\"1\" data-google-query-id=\"CJXDldmqu4cDFZ8NTwgdN8UL7w\"><\/div>\n<\/footer>\n<\/div>\n<\/div>\n","protected":false},"excerpt":{"rendered":"<p>La Fiscal\u00eda de Guanajuato identific\u00f3 a Germ\u00e1n \u201cN\u201d, alias \u2018El Porro\u2019 como generador de violencia en la zona Laja-Baj\u00edo. La\u00a0Fiscal\u00eda de Guanajuato\u00a0inform\u00f3 de la detenci\u00f3n de\u00a0Germ\u00e1n \u201cN\u201d, alias\u00a0El Porro,\u00a0junto a otros dos sujetos m\u00e1s, identificados como\u00a0Cristian \u201cN\u201d\u00a0y\u00a0Juan Leonel \u201cN\u201d. #FGEInforma LA #FISCAL\u00cdAGUANAJUATO LOGR\u00d3 DESARTICULAR C\u00c9LULA DELICTIVA Y CAPTURAR A SU L\u00cdDER CRIMINAL, OPERABAN EN LA ZONA LAJA-BAJ\u00cdO La captura del capo criminal se logr\u00f3 derivado de los trabajos de investigaci\u00f3n encabezados por la Fiscal\u00eda de Guanajuato por el ataque a\u2026 pic.twitter.com\/kEJmPPATne &mdash; Fiscal\u00eda General del Estado de Guanajuato (@FGEGUANAJUATO) July 21, 2024 Por medio de un comunicado, la autoridad de [&hellip;]<\/p>\n","protected":false},"author":3,"featured_media":99512,"comment_status":"open","ping_status":"open","sticky":false,"template":"","format":"standard","meta":{"_jetpack_newsletter_access":"","_jetpack_dont_email_post_to_subs":false,"_jetpack_newsletter_tier_id":0,"_jetpack_memberships_contains_paywalled_content":false,"_jetpack_feature_clip_id":0,"_jetpack_memberships_contains_paid_content":false,"footnotes":"","jetpack_publicize_message":"","jetpack_publicize_feature_enabled":true,"jetpack_social_post_already_shared":true,"jetpack_social_options":{"image_generator_settings":{"template":"highway","default_image_id":0,"font":"","enabled":false},"version":2},"jetpack_post_was_ever_published":false},"categories":[75,72],"tags":[],"class_list":["post-99510","post","type-post","status-publish","format-standard","has-post-thumbnail","hentry","category-nacional","category-portada","post--single"],"jetpack_publicize_connections":[],"jetpack_featured_media_url":"https:\/\/ovelanalista.com\/wp-content\/uploads\/2024\/07\/german-n-el-porro-ataque-agentes-celaya-guanajuato.webp","jetpack_sharing_enabled":true,"_links":{"self":[{"href":"https:\/\/ovelanalista.com\/index.php?rest_route=\/wp\/v2\/posts\/99510","targetHints":{"allow":["GET"]}}],"collection":[{"href":"https:\/\/ovelanalista.com\/index.php?rest_route=\/wp\/v2\/posts"}],"about":[{"href":"https:\/\/ovelanalista.com\/index.php?rest_route=\/wp\/v2\/types\/post"}],"author":[{"embeddable":true,"href":"https:\/\/ovelanalista.com\/index.php?rest_route=\/wp\/v2\/users\/3"}],"replies":[{"embeddable":true,"href":"https:\/\/ovelanalista.com\/index.php?rest_route=%2Fwp%2Fv2%2Fcomments&post=99510"}],"version-history":[{"count":1,"href":"https:\/\/ovelanalista.com\/index.php?rest_route=\/wp\/v2\/posts\/99510\/revisions"}],"predecessor-version":[{"id":99514,"href":"https:\/\/ovelanalista.com\/index.php?rest_route=\/wp\/v2\/posts\/99510\/revisions\/99514"}],"wp:featuredmedia":[{"embeddable":true,"href":"https:\/\/ovelanalista.com\/index.php?rest_route=\/wp\/v2\/media\/99512"}],"wp:attachment":[{"href":"https:\/\/ovelanalista.com\/index.php?rest_route=%2Fwp%2Fv2%2Fmedia&parent=99510"}],"wp:term":[{"taxonomy":"category","embeddable":true,"href":"https:\/\/ovelanalista.com\/index.php?rest_route=%2Fwp%2Fv2%2Fcategories&post=99510"},{"taxonomy":"post_tag","embeddable":true,"href":"https:\/\/ovelanalista.com\/index.php?rest_route=%2Fwp%2Fv2%2Ftags&post=99510"}],"curies":[{"name":"wp","href":"https:\/\/api.w.org\/{rel}","templated":true}]}}