{"id":99516,"date":"2024-07-22T14:30:02","date_gmt":"2024-07-22T20:30:02","guid":{"rendered":"https:\/\/ovelanalista.com\/?p=99516"},"modified":"2024-07-22T13:05:44","modified_gmt":"2024-07-22T19:05:44","slug":"amlo-asegura-que-adultos-mayores-mexicanos-en-ee-uu-pueden-cobrar-la-pension-del-gobierno","status":"publish","type":"post","link":"https:\/\/ovelanalista.com\/?p=99516","title":{"rendered":"AMLO asegura que adultos mayores mexicanos en EE.UU. pueden cobrar la pensi\u00f3n del Gobierno"},"content":{"rendered":"<p>L\u00f3pez Obrador asever\u00f3 que los adultos mayores mexicanos que se encuentran en EE.UU. tienen derecho tambi\u00e9n a recibir dicha pensi\u00f3n.<\/p>\n<p>El presidente de M\u00e9xico,<strong><a href=\"https:\/\/twitter.com\/lopezobrador_\" target=\"_blank\" rel=\"noopener noreferrer\">\u00a0Andr\u00e9s Manuel<\/a>\u00a0L\u00f3pez Obrador<\/strong>, asegur\u00f3 este lunes que\u00a0<strong>adultos mayores<\/strong>\u00a0mexicanos en\u00a0<strong>Estados Unidos<\/strong>\u00a0pueden cobrar la\u00a0<strong>pensi\u00f3n<\/strong>\u00a0pagada por el\u00a0<strong>Gobierno<\/strong>\u00a0que \u00e9l encabeza.<\/p>\n<blockquote><p>Son mexicanos y, en la Constituci\u00f3n, ya est\u00e1 establecido el derecho de todos los adultos mayores a obtener una pensi\u00f3n. Entonces, ellos tienen este derecho\u201d, sostuvo en su conferencia de prensa diaria.<\/p><\/blockquote>\n<p>Explic\u00f3 que esta partida est\u00e1 presupuestada por el Ejecutivo federal porque \u201cson mexicanos\u201d y a\u00f1adi\u00f3 que el pa\u00eds tiene \u201cuna deuda\u201d con los \u201cpaisanos migrantes\u201d que viven en la potencia estadounidense.<\/p>\n<p><iframe loading=\"lazy\" title=\"#ConferenciaPresidente | Lunes 22 de julio de 2024\" width=\"1200\" height=\"675\" src=\"https:\/\/www.youtube.com\/embed\/tuWDC7UNGHI?feature=oembed\" frameborder=\"0\" allow=\"accelerometer; autoplay; clipboard-write; encrypted-media; gyroscope; picture-in-picture; web-share\" referrerpolicy=\"strict-origin-when-cross-origin\" allowfullscreen><\/iframe><\/p>\n<p>\u201cQue fueron maltratados. (\u2026) Se vieron en la necesidad de emigrar, de abandonar sus pueblos, sus familias, situaciones muy dif\u00edciles en la noche oscura del periodo neoliberal\u201d, opin\u00f3.<\/p>\n<p>Adem\u00e1s, record\u00f3 que \u201cmuchos tuvieron que abandonar M\u00e9xico por la violencia, sobre todo en tiempo de (Felipe) Calder\u00f3n\u201d, presidente del pa\u00eds entre 2006 y 2012.<\/p>\n<p>\u201cEntonces, tenemos que apoyar en todo a nuestros paisanos migrantes\u201d, reiter\u00f3 L\u00f3pez Obrador, que cifr\u00f3 en \u201cm\u00e1s de 60 mil millones de d\u00f3lares\u201d las remesas que, el a\u00f1o pasado, enviaron a sus familias en M\u00e9xico.<\/p>\n<p>Durante los primeros cinco meses de 2024, el pa\u00eds recibi\u00f3 un r\u00e9cord de 25 mil 129 millones de d\u00f3lares de sus ciudadanos residentes en el extranjero, un aumento interanual del 1.9 por ciento, aunque en mayo hubo una ca\u00edda del 0.9 por ciento a\u00f1o contra a\u00f1o, inform\u00f3 a principios de julio el\u00a0<strong>Banco de M\u00e9xico<\/strong>\u00a0(<strong>Banxico<\/strong>).<\/p>\n<p>Las remesas comenzaron a crecer al comienzo de la pandemia de COVID-19, en marzo de 2020, y suponen la principal fuente de ingresos externos para el pa\u00eds, que recibi\u00f3 un r\u00e9cord de 63 mil 313 millones de d\u00f3lares en 2023, un aumento del 7.6 por ciento respecto a 2022 y el d\u00e9cimo incremento anual consecutivo.<\/p>\n<p>Anunci\u00f3 que la actual secretaria de\u00a0<strong>Bienestar<\/strong>,\u00a0<strong>Ariadna Montiel<\/strong>, que revalidar\u00e1 su cargo con la presidenta electa,\u00a0<strong>Claudia Sheinbaum,<\/strong>\u00a0explicar\u00e1 \u201cc\u00f3mo pueden\u201d los adultos mayores en Estados Unidos \u201cobtener la pensi\u00f3n que, por derecho, les corresponde\u201d tras cumplir 65 a\u00f1os.<\/p>\n<p>Con su despedida a la vuelta de la esquina, el pr\u00f3ximo 1 de octubre, exigi\u00f3 \u201crespeto\u201d hacia sus compatriotas en Estados Unidos y lament\u00f3 que, \u201ca veces, el ciudadano estadounidense no conoce estos datos\u201d.<\/p>\n<p>\u201cEntonces, de manera muy irresponsable y con mala fe, se dice que los migrantes llevan la droga a Estados Unidos, cuando van a trabajar honradamente y a engrandecer este pa\u00eds\u201d, denunci\u00f3.<\/p>\n<p>Con informaci\u00f3n de EFE<\/p>\n","protected":false},"excerpt":{"rendered":"<p>L\u00f3pez Obrador asever\u00f3 que los adultos mayores mexicanos que se encuentran en EE.UU. tienen derecho tambi\u00e9n a recibir dicha pensi\u00f3n. El presidente de M\u00e9xico,\u00a0Andr\u00e9s Manuel\u00a0L\u00f3pez Obrador, asegur\u00f3 este lunes que\u00a0adultos mayores\u00a0mexicanos en\u00a0Estados Unidos\u00a0pueden cobrar la\u00a0pensi\u00f3n\u00a0pagada por el\u00a0Gobierno\u00a0que \u00e9l encabeza. Son mexicanos y, en la Constituci\u00f3n, ya est\u00e1 establecido el derecho de todos los adultos mayores a obtener una pensi\u00f3n. Entonces, ellos tienen este derecho\u201d, sostuvo en su conferencia de prensa diaria. Explic\u00f3 que esta partida est\u00e1 presupuestada por el Ejecutivo federal porque \u201cson mexicanos\u201d y a\u00f1adi\u00f3 que el pa\u00eds tiene \u201cuna deuda\u201d con los \u201cpaisanos migrantes\u201d que viven en la [&hellip;]<\/p>\n","protected":false},"author":3,"featured_media":99519,"comment_status":"open","ping_status":"open","sticky":false,"template":"","format":"standard","meta":{"_jetpack_newsletter_access":"","_jetpack_dont_email_post_to_subs":false,"_jetpack_newsletter_tier_id":0,"_jetpack_memberships_contains_paywalled_content":false,"_jetpack_feature_clip_id":0,"_jetpack_memberships_contains_paid_content":false,"footnotes":"","jetpack_publicize_message":"","jetpack_publicize_feature_enabled":true,"jetpack_social_post_already_shared":true,"jetpack_social_options":{"image_generator_settings":{"template":"highway","default_image_id":0,"font":"","enabled":false},"version":2},"jetpack_post_was_ever_published":false},"categories":[89,75,72],"tags":[],"class_list":["post-99516","post","type-post","status-publish","format-standard","has-post-thumbnail","hentry","category-internacional","category-nacional","category-portada","post--single"],"jetpack_publicize_connections":[],"jetpack_featured_media_url":"https:\/\/ovelanalista.com\/wp-content\/uploads\/2024\/07\/adultos-mayores-pension-pensiones.webp","jetpack_sharing_enabled":true,"_links":{"self":[{"href":"https:\/\/ovelanalista.com\/index.php?rest_route=\/wp\/v2\/posts\/99516","targetHints":{"allow":["GET"]}}],"collection":[{"href":"https:\/\/ovelanalista.com\/index.php?rest_route=\/wp\/v2\/posts"}],"about":[{"href":"https:\/\/ovelanalista.com\/index.php?rest_route=\/wp\/v2\/types\/post"}],"author":[{"embeddable":true,"href":"https:\/\/ovelanalista.com\/index.php?rest_route=\/wp\/v2\/users\/3"}],"replies":[{"embeddable":true,"href":"https:\/\/ovelanalista.com\/index.php?rest_route=%2Fwp%2Fv2%2Fcomments&post=99516"}],"version-history":[{"count":1,"href":"https:\/\/ovelanalista.com\/index.php?rest_route=\/wp\/v2\/posts\/99516\/revisions"}],"predecessor-version":[{"id":99520,"href":"https:\/\/ovelanalista.com\/index.php?rest_route=\/wp\/v2\/posts\/99516\/revisions\/99520"}],"wp:featuredmedia":[{"embeddable":true,"href":"https:\/\/ovelanalista.com\/index.php?rest_route=\/wp\/v2\/media\/99519"}],"wp:attachment":[{"href":"https:\/\/ovelanalista.com\/index.php?rest_route=%2Fwp%2Fv2%2Fmedia&parent=99516"}],"wp:term":[{"taxonomy":"category","embeddable":true,"href":"https:\/\/ovelanalista.com\/index.php?rest_route=%2Fwp%2Fv2%2Fcategories&post=99516"},{"taxonomy":"post_tag","embeddable":true,"href":"https:\/\/ovelanalista.com\/index.php?rest_route=%2Fwp%2Fv2%2Ftags&post=99516"}],"curies":[{"name":"wp","href":"https:\/\/api.w.org\/{rel}","templated":true}]}}