{"id":99518,"date":"2024-07-22T14:45:06","date_gmt":"2024-07-22T20:45:06","guid":{"rendered":"https:\/\/ovelanalista.com\/?p=99518"},"modified":"2024-07-22T13:07:03","modified_gmt":"2024-07-22T19:07:03","slug":"actividad-economica-subio-1-6-interanual-en-mayo","status":"publish","type":"post","link":"https:\/\/ovelanalista.com\/?p=99518","title":{"rendered":"Actividad econ\u00f3mica subi\u00f3 1.6 % interanual en mayo"},"content":{"rendered":"<p>La subida en el indicador global de la actividad econ\u00f3mica de M\u00e9xico es resultado del aumento anual de los sectores terciario y secundario.<\/p>\n<p>La\u00a0<strong>actividad econ\u00f3mica<\/strong>\u00a0en M\u00e9xico avanz\u00f3 1.6 por ciento interanual en mayo empujada en particular por los servicios, inform\u00f3 el Instituto Nacional de Estad\u00edstica y Geograf\u00eda (Inegi).<\/p>\n<p>El Inegi indic\u00f3 en un\u00a0<a href=\"https:\/\/www.inegi.org.mx\/contenidos\/saladeprensa\/boletines\/2024\/igae\/igae2024_07.pdf\" target=\"_blank\" rel=\"noopener noreferrer\">reporte<\/a>, con base en cifras originales, que esta subida en el<strong>\u00a0indicador global de la actividad econ\u00f3mica<\/strong>\u00a0(IGAE) de M\u00e9xico es resultado del aumento anual de los sectores terciario (2.3 por ciento) y secundario (0.6 por ciento), pero contrarrestado por el decremento del primario (-1.8 por ciento).<\/p>\n<p>En contraste, el IGAE retrocedi\u00f3 a tasa mensual un 0.7 por ciento, seg\u00fan cifras desestacionalizadas, sin factores coyunturales y de calendario.<\/p>\n<p>Frente al mes precedente el sector agropecuario se contrajo (-1.8 por ciento), mientras que la industria avanz\u00f3 1 por ciento y los servicios 2.1 por ciento.<\/p>\n<p>De esta manera, la actividad econ\u00f3mica de M\u00e9xico acumula una subida del 2.3 por ciento interanual en los primeros cinco meses de 2024, con base en cifras originales.<\/p>\n<p>Las actividades primarias se han decrecido un 0.9 por ciento. En contraste las secundarias se han elevado 1.7 por ciento y las terciarias 2.9 por ciento.<\/p>\n<p>El IGAE es un indicador preliminar que muestra la tendencia de la econom\u00eda mexicana en el corto plazo.<\/p>\n<p>El dato de mayo se publica tras difundirse el crecimiento de 0.3 por ciento trimestral y de 1.6 por ciento interanual del producto interno bruto (PIB) en el primer trimestre de 2024.<\/p>\n<p>El pa\u00eds creci\u00f3 3.2 por ciento en 2023, un 3.9 por ciento en 2022 y un 6.1 por ciento en 2021, seg\u00fan las cifras actualizadas del Inegi.<\/p>\n<p>La crisis de covid-19 caus\u00f3 una contracci\u00f3n de 8.8 por ciento del PIB de M\u00e9xico en 2020, su peor desplome desde la Gran Depresi\u00f3n de 1932.<\/p>\n<p>El Gobierno estima un crecimiento cercano al 3 por ciento en 2024.<\/p>\n<p>Con informaci\u00f3n de EFE<\/p>\n<p>&nbsp;<\/p>\n","protected":false},"excerpt":{"rendered":"<p>La subida en el indicador global de la actividad econ\u00f3mica de M\u00e9xico es resultado del aumento anual de los sectores terciario y secundario. La\u00a0actividad econ\u00f3mica\u00a0en M\u00e9xico avanz\u00f3 1.6 por ciento interanual en mayo empujada en particular por los servicios, inform\u00f3 el Instituto Nacional de Estad\u00edstica y Geograf\u00eda (Inegi). El Inegi indic\u00f3 en un\u00a0reporte, con base en cifras originales, que esta subida en el\u00a0indicador global de la actividad econ\u00f3mica\u00a0(IGAE) de M\u00e9xico es resultado del aumento anual de los sectores terciario (2.3 por ciento) y secundario (0.6 por ciento), pero contrarrestado por el decremento del primario (-1.8 por ciento). En contraste, el [&hellip;]<\/p>\n","protected":false},"author":3,"featured_media":99521,"comment_status":"open","ping_status":"open","sticky":false,"template":"","format":"standard","meta":{"_jetpack_newsletter_access":"","_jetpack_dont_email_post_to_subs":false,"_jetpack_newsletter_tier_id":0,"_jetpack_memberships_contains_paywalled_content":false,"_jetpack_feature_clip_id":0,"_jetpack_memberships_contains_paid_content":false,"footnotes":"","jetpack_publicize_message":"","jetpack_publicize_feature_enabled":true,"jetpack_social_post_already_shared":true,"jetpack_social_options":{"image_generator_settings":{"template":"highway","default_image_id":0,"font":"","enabled":false},"version":2},"jetpack_post_was_ever_published":false},"categories":[75,72],"tags":[],"class_list":["post-99518","post","type-post","status-publish","format-standard","has-post-thumbnail","hentry","category-nacional","category-portada","post--single"],"jetpack_publicize_connections":[],"jetpack_featured_media_url":"https:\/\/ovelanalista.com\/wp-content\/uploads\/2024\/07\/campo-mexicano-agricultura.webp","jetpack_sharing_enabled":true,"_links":{"self":[{"href":"https:\/\/ovelanalista.com\/index.php?rest_route=\/wp\/v2\/posts\/99518","targetHints":{"allow":["GET"]}}],"collection":[{"href":"https:\/\/ovelanalista.com\/index.php?rest_route=\/wp\/v2\/posts"}],"about":[{"href":"https:\/\/ovelanalista.com\/index.php?rest_route=\/wp\/v2\/types\/post"}],"author":[{"embeddable":true,"href":"https:\/\/ovelanalista.com\/index.php?rest_route=\/wp\/v2\/users\/3"}],"replies":[{"embeddable":true,"href":"https:\/\/ovelanalista.com\/index.php?rest_route=%2Fwp%2Fv2%2Fcomments&post=99518"}],"version-history":[{"count":1,"href":"https:\/\/ovelanalista.com\/index.php?rest_route=\/wp\/v2\/posts\/99518\/revisions"}],"predecessor-version":[{"id":99522,"href":"https:\/\/ovelanalista.com\/index.php?rest_route=\/wp\/v2\/posts\/99518\/revisions\/99522"}],"wp:featuredmedia":[{"embeddable":true,"href":"https:\/\/ovelanalista.com\/index.php?rest_route=\/wp\/v2\/media\/99521"}],"wp:attachment":[{"href":"https:\/\/ovelanalista.com\/index.php?rest_route=%2Fwp%2Fv2%2Fmedia&parent=99518"}],"wp:term":[{"taxonomy":"category","embeddable":true,"href":"https:\/\/ovelanalista.com\/index.php?rest_route=%2Fwp%2Fv2%2Fcategories&post=99518"},{"taxonomy":"post_tag","embeddable":true,"href":"https:\/\/ovelanalista.com\/index.php?rest_route=%2Fwp%2Fv2%2Ftags&post=99518"}],"curies":[{"name":"wp","href":"https:\/\/api.w.org\/{rel}","templated":true}]}}