{"id":99524,"date":"2024-07-22T15:15:37","date_gmt":"2024-07-22T21:15:37","guid":{"rendered":"https:\/\/ovelanalista.com\/?p=99524"},"modified":"2024-07-22T13:11:28","modified_gmt":"2024-07-22T19:11:28","slug":"sheinbaum-dice-respetar-renuncia-de-biden-reafirma-defensa-de-mexico","status":"publish","type":"post","link":"https:\/\/ovelanalista.com\/?p=99524","title":{"rendered":"Sheinbaum dice respetar renuncia de Biden; reafirma defensa de M\u00e9xico"},"content":{"rendered":"<p>Claudia Sheinbaum dijo que durante su Gobierno defender\u00e1 a M\u00e9xico ante Estados Unidos.<\/p>\n<p><strong>Claudia Sheinbaum<\/strong>\u00a0dijo respetar la decisi\u00f3n de\u00a0<strong>Joe Biden<\/strong>\u00a0de\u00a0<a href=\"https:\/\/lopezdoriga.com\/internacional\/joe-biden-decide-abandonar-carrera-presidencia-eeuu\/\" target=\"_blank\" rel=\"noopener\">renunciar a la candidatura dem\u00f3crata<\/a>\u00a0para pelear la\u00a0<strong>Presidencia de Estados<\/strong>\u00a0<strong>Unidos<\/strong>.<\/p>\n<blockquote class=\"twitter-tweet\" data-width=\"550\" data-dnt=\"true\">\n<p lang=\"es\" dir=\"ltr\">Claudia Sheinbaum se refiri\u00f3 a la declinaci\u00f3n de Joe Biden a la campa\u00f1a por la reelecci\u00f3n presidencial en EE.UU. \u201cRespeto su decisi\u00f3n\u201d. <a href=\"https:\/\/t.co\/39CJPhfXJH\">pic.twitter.com\/39CJPhfXJH<\/a><\/p>\n<p>&mdash; Joaqu\u00edn L\u00f3pez-D\u00f3riga (@lopezdoriga) <a href=\"https:\/\/twitter.com\/lopezdoriga\/status\/1815451896464716247?ref_src=twsrc%5Etfw\">July 22, 2024<\/a><\/p><\/blockquote>\n<p><script async src=\"https:\/\/platform.twitter.com\/widgets.js\" charset=\"utf-8\"><\/script><\/p>\n<p>\u201cEs una decisi\u00f3n de \u00e9l. Yo respeto mucho al presidente Biden\u201d, se\u00f1al\u00f3 ante medios de comunicaci\u00f3n.<\/p>\n<p>La virtual presidenta electa aprovech\u00f3 el tema para reiterar que durante su Gobierno\u00a0<strong>defender\u00e1<\/strong>\u00a0a\u00a0<strong>M\u00e9xico<\/strong>\u00a0ante\u00a0<strong>Estados<\/strong>\u00a0<strong>Unidos<\/strong>.<\/p>\n<blockquote><p>Siempre defendiendo a M\u00e9xico en una relaci\u00f3n como iguales; como pa\u00eds soberano, independiente, libre. Y al mismo tiempo con una gran relaci\u00f3n comercial en la que nos beneficiamos Canad\u00e1, Estados Unidos y M\u00e9xico\u201d, se\u00f1al\u00f3.<\/p><\/blockquote>\n<p>La posici\u00f3n de Claudia Sheinbaum concuerda con la del presidente\u00a0<strong>Andr\u00e9s Manuel L\u00f3pez Obrador<\/strong>, quien calific\u00f3 de \u201c<a href=\"https:\/\/lopezdoriga.com\/internacional\/decision-soberana-amlo-renuncia-biden-candidatura\/\" target=\"_blank\" rel=\"noopener\">soberana<\/a>\u201d la decisi\u00f3n de Joe Biden.<\/p>\n<p>Con informaci\u00f3n de L\u00f3pez-D\u00f3riga Digital<\/p>\n","protected":false},"excerpt":{"rendered":"<p>Claudia Sheinbaum dijo que durante su Gobierno defender\u00e1 a M\u00e9xico ante Estados Unidos. Claudia Sheinbaum\u00a0dijo respetar la decisi\u00f3n de\u00a0Joe Biden\u00a0de\u00a0renunciar a la candidatura dem\u00f3crata\u00a0para pelear la\u00a0Presidencia de Estados\u00a0Unidos. Claudia Sheinbaum se refiri\u00f3 a la declinaci\u00f3n de Joe Biden a la campa\u00f1a por la reelecci\u00f3n presidencial en EE.UU. \u201cRespeto su decisi\u00f3n\u201d. pic.twitter.com\/39CJPhfXJH &mdash; Joaqu\u00edn L\u00f3pez-D\u00f3riga (@lopezdoriga) July 22, 2024 \u201cEs una decisi\u00f3n de \u00e9l. Yo respeto mucho al presidente Biden\u201d, se\u00f1al\u00f3 ante medios de comunicaci\u00f3n. La virtual presidenta electa aprovech\u00f3 el tema para reiterar que durante su Gobierno\u00a0defender\u00e1\u00a0a\u00a0M\u00e9xico\u00a0ante\u00a0Estados\u00a0Unidos. Siempre defendiendo a M\u00e9xico en una relaci\u00f3n como iguales; como pa\u00eds soberano, independiente, [&hellip;]<\/p>\n","protected":false},"author":3,"featured_media":99527,"comment_status":"open","ping_status":"open","sticky":false,"template":"","format":"standard","meta":{"_jetpack_newsletter_access":"","_jetpack_dont_email_post_to_subs":false,"_jetpack_newsletter_tier_id":0,"_jetpack_memberships_contains_paywalled_content":false,"_jetpack_feature_clip_id":0,"_jetpack_memberships_contains_paid_content":false,"footnotes":"","jetpack_publicize_message":"","jetpack_publicize_feature_enabled":true,"jetpack_social_post_already_shared":true,"jetpack_social_options":{"image_generator_settings":{"template":"highway","default_image_id":0,"font":"","enabled":false},"version":2},"jetpack_post_was_ever_published":false},"categories":[75,72],"tags":[],"class_list":["post-99524","post","type-post","status-publish","format-standard","has-post-thumbnail","hentry","category-nacional","category-portada","post--single"],"jetpack_publicize_connections":[],"jetpack_featured_media_url":"https:\/\/ovelanalista.com\/wp-content\/uploads\/2024\/07\/claudia-sheinbaum-4.webp","jetpack_sharing_enabled":true,"_links":{"self":[{"href":"https:\/\/ovelanalista.com\/index.php?rest_route=\/wp\/v2\/posts\/99524","targetHints":{"allow":["GET"]}}],"collection":[{"href":"https:\/\/ovelanalista.com\/index.php?rest_route=\/wp\/v2\/posts"}],"about":[{"href":"https:\/\/ovelanalista.com\/index.php?rest_route=\/wp\/v2\/types\/post"}],"author":[{"embeddable":true,"href":"https:\/\/ovelanalista.com\/index.php?rest_route=\/wp\/v2\/users\/3"}],"replies":[{"embeddable":true,"href":"https:\/\/ovelanalista.com\/index.php?rest_route=%2Fwp%2Fv2%2Fcomments&post=99524"}],"version-history":[{"count":1,"href":"https:\/\/ovelanalista.com\/index.php?rest_route=\/wp\/v2\/posts\/99524\/revisions"}],"predecessor-version":[{"id":99529,"href":"https:\/\/ovelanalista.com\/index.php?rest_route=\/wp\/v2\/posts\/99524\/revisions\/99529"}],"wp:featuredmedia":[{"embeddable":true,"href":"https:\/\/ovelanalista.com\/index.php?rest_route=\/wp\/v2\/media\/99527"}],"wp:attachment":[{"href":"https:\/\/ovelanalista.com\/index.php?rest_route=%2Fwp%2Fv2%2Fmedia&parent=99524"}],"wp:term":[{"taxonomy":"category","embeddable":true,"href":"https:\/\/ovelanalista.com\/index.php?rest_route=%2Fwp%2Fv2%2Fcategories&post=99524"},{"taxonomy":"post_tag","embeddable":true,"href":"https:\/\/ovelanalista.com\/index.php?rest_route=%2Fwp%2Fv2%2Ftags&post=99524"}],"curies":[{"name":"wp","href":"https:\/\/api.w.org\/{rel}","templated":true}]}}