{"id":99538,"date":"2024-07-22T17:00:33","date_gmt":"2024-07-22T23:00:33","guid":{"rendered":"https:\/\/ovelanalista.com\/?p=99538"},"modified":"2024-07-22T16:35:09","modified_gmt":"2024-07-22T22:35:09","slug":"unos-60-ninos-sufren-hipotermia-durante-campamento-en-parque-ecoturistico-del-edomex","status":"publish","type":"post","link":"https:\/\/ovelanalista.com\/?p=99538","title":{"rendered":"Unos 60 ni\u00f1os sufren hipotermia durante campamento en Parque Ecotur\u00edstico del Edomex"},"content":{"rendered":"<p>Param\u00e9dicos atendieron a ni\u00f1os y adultos que participaban en un campamento por dolor de cabeza, n\u00e1useas y hasta hipotermia.<\/p>\n<p>Unos\u00a0<strong>60 ni\u00f1os<\/strong>\u00a0y\u00a0<strong>17 adultos<\/strong>\u00a0sufrieron\u00a0<strong>hipotermia<\/strong>\u00a0durante un\u00a0<strong>campamento<\/strong>\u00a0en el\u00a0<strong>Estado de M\u00e9xico<\/strong>.<\/p>\n<p>La Polic\u00eda de Monta\u00f1a se moviliz\u00f3 al\u00a0<strong>Parque Ecotur\u00edstico Apatlaco<\/strong>, en Amecameca, ante la advertencia de que\u00a0<strong>menores de edad<\/strong>\u00a0presentaban diversos<strong>\u00a0malestares f\u00edsicos<\/strong>.<\/p>\n<blockquote class=\"twitter-tweet\" data-width=\"550\" data-dnt=\"true\">\n<p lang=\"es\" dir=\"ltr\">Por la madrugada, la Polic\u00eda de Monta\u00f1a recibi\u00f3 un reporte sobre un grupo de 60 ni\u00f1os y 17 adultos en el Parque Ecotur\u00edstico Apatlaco, en <a href=\"https:\/\/twitter.com\/hashtag\/Amecameca?src=hash&amp;ref_src=twsrc%5Etfw\">#Amecameca<\/a>, que presentaban diversos malestares f\u00edsicos. <a href=\"https:\/\/t.co\/cEsHOlfjq6\">pic.twitter.com\/cEsHOlfjq6<\/a><\/p>\n<p>&mdash; Protecci\u00f3n Civil del Estado de M\u00e9xico (@pciviledomex) <a href=\"https:\/\/twitter.com\/pciviledomex\/status\/1815376290234380437?ref_src=twsrc%5Etfw\">July 22, 2024<\/a><\/p><\/blockquote>\n<p><script async src=\"https:\/\/platform.twitter.com\/widgets.js\" charset=\"utf-8\"><\/script><\/p>\n<p>Param\u00e9dicos de la Cruz Roja y personal de Protecci\u00f3n Civil atendieron a los ni\u00f1os y adultos por\u00a0<strong>dolor de cabeza<\/strong>,\u00a0<strong>n\u00e1useas<\/strong>\u00a0y hasta\u00a0<strong>hipotermia<\/strong>.<\/p>\n<p>Las v\u00edctimas presentaron los malestares despu\u00e9s de\u00a0<strong>sumergirse<\/strong>\u00a0en la\u00a0<strong>cascada<\/strong>\u00a0del\u00a0<strong>Parque Ecotur\u00edstico Apatlaco<\/strong>.<\/p>\n<p>En el caso de los menores de edad, las autoridades esperaron la llegada de sus padres para entregarlos a salvo.<\/p>\n<p>Con informaci\u00f3n de L\u00f3pez-D\u00f3riga Digital<\/p>\n","protected":false},"excerpt":{"rendered":"<p>Param\u00e9dicos atendieron a ni\u00f1os y adultos que participaban en un campamento por dolor de cabeza, n\u00e1useas y hasta hipotermia. Unos\u00a060 ni\u00f1os\u00a0y\u00a017 adultos\u00a0sufrieron\u00a0hipotermia\u00a0durante un\u00a0campamento\u00a0en el\u00a0Estado de M\u00e9xico. La Polic\u00eda de Monta\u00f1a se moviliz\u00f3 al\u00a0Parque Ecotur\u00edstico Apatlaco, en Amecameca, ante la advertencia de que\u00a0menores de edad\u00a0presentaban diversos\u00a0malestares f\u00edsicos. Por la madrugada, la Polic\u00eda de Monta\u00f1a recibi\u00f3 un reporte sobre un grupo de 60 ni\u00f1os y 17 adultos en el Parque Ecotur\u00edstico Apatlaco, en #Amecameca, que presentaban diversos malestares f\u00edsicos. pic.twitter.com\/cEsHOlfjq6 &mdash; Protecci\u00f3n Civil del Estado de M\u00e9xico (@pciviledomex) July 22, 2024 Param\u00e9dicos de la Cruz Roja y personal de Protecci\u00f3n Civil atendieron [&hellip;]<\/p>\n","protected":false},"author":3,"featured_media":99539,"comment_status":"open","ping_status":"open","sticky":false,"template":"","format":"standard","meta":{"_jetpack_newsletter_access":"","_jetpack_dont_email_post_to_subs":false,"_jetpack_newsletter_tier_id":0,"_jetpack_memberships_contains_paywalled_content":false,"_jetpack_feature_clip_id":0,"_jetpack_memberships_contains_paid_content":false,"footnotes":"","jetpack_publicize_message":"","jetpack_publicize_feature_enabled":true,"jetpack_social_post_already_shared":true,"jetpack_social_options":{"image_generator_settings":{"template":"highway","default_image_id":0,"font":"","enabled":false},"version":2},"jetpack_post_was_ever_published":false},"categories":[75,72],"tags":[],"class_list":["post-99538","post","type-post","status-publish","format-standard","has-post-thumbnail","hentry","category-nacional","category-portada","post--single"],"jetpack_publicize_connections":[],"jetpack_featured_media_url":"https:\/\/ovelanalista.com\/wp-content\/uploads\/2024\/07\/atencion-a-ninos-y-adultos-en-parque-ecoturistico-apatlaco.webp","jetpack_sharing_enabled":true,"_links":{"self":[{"href":"https:\/\/ovelanalista.com\/index.php?rest_route=\/wp\/v2\/posts\/99538","targetHints":{"allow":["GET"]}}],"collection":[{"href":"https:\/\/ovelanalista.com\/index.php?rest_route=\/wp\/v2\/posts"}],"about":[{"href":"https:\/\/ovelanalista.com\/index.php?rest_route=\/wp\/v2\/types\/post"}],"author":[{"embeddable":true,"href":"https:\/\/ovelanalista.com\/index.php?rest_route=\/wp\/v2\/users\/3"}],"replies":[{"embeddable":true,"href":"https:\/\/ovelanalista.com\/index.php?rest_route=%2Fwp%2Fv2%2Fcomments&post=99538"}],"version-history":[{"count":1,"href":"https:\/\/ovelanalista.com\/index.php?rest_route=\/wp\/v2\/posts\/99538\/revisions"}],"predecessor-version":[{"id":99540,"href":"https:\/\/ovelanalista.com\/index.php?rest_route=\/wp\/v2\/posts\/99538\/revisions\/99540"}],"wp:featuredmedia":[{"embeddable":true,"href":"https:\/\/ovelanalista.com\/index.php?rest_route=\/wp\/v2\/media\/99539"}],"wp:attachment":[{"href":"https:\/\/ovelanalista.com\/index.php?rest_route=%2Fwp%2Fv2%2Fmedia&parent=99538"}],"wp:term":[{"taxonomy":"category","embeddable":true,"href":"https:\/\/ovelanalista.com\/index.php?rest_route=%2Fwp%2Fv2%2Fcategories&post=99538"},{"taxonomy":"post_tag","embeddable":true,"href":"https:\/\/ovelanalista.com\/index.php?rest_route=%2Fwp%2Fv2%2Ftags&post=99538"}],"curies":[{"name":"wp","href":"https:\/\/api.w.org\/{rel}","templated":true}]}}