{"id":99602,"date":"2024-07-23T13:00:47","date_gmt":"2024-07-23T19:00:47","guid":{"rendered":"https:\/\/ovelanalista.com\/?p=99602"},"modified":"2024-07-23T11:10:54","modified_gmt":"2024-07-23T17:10:54","slug":"la-eleccion-de-sheinbaum-es-una-esperanza-para-america-latina-asegura-evo-morales","status":"publish","type":"post","link":"https:\/\/ovelanalista.com\/?p=99602","title":{"rendered":"La elecci\u00f3n de Sheinbaum es \u201cuna esperanza para Am\u00e9rica Latina\u201d, asegura Evo Morales"},"content":{"rendered":"<div class=\"entry-grid__content-area entry-main-text\">\n<header class=\"entry-header mb-4\">\n<div class=\"entry-info entry-info-header mb-0 mb-lg-2\">\n<div class=\"entry-info-header-block\"><\/div>\n<div class=\"entry-grid__sharebar\"><\/div>\n<div class=\"entry-excerpt px-0 pb-3\">\n<p>Evo Morales describe a Sheinbaum como una mujer humilde con mucho conocimiento, quien seguramente seguir\u00eda la l\u00ednea de gobierno de AMLO<\/p>\n<p>&nbsp;<\/p>\n<div class=\"article-item__date mb-auto align-self-center pb-2\">JULIO 23, 2024<\/div>\n<\/div>\n<\/div>\n<\/header>\n<\/div>\n<div class=\"entry-grid__content-area2 entry-main-text\">\n<div class=\"row\">\n<div class=\"col-12 col-lg-8\">\n<div class=\"article-content\">\n<p>El expresidente de Bolivia y l\u00edder del oficialismo,\u00a0<strong>Evo<\/strong>\u00a0<strong>Morales<\/strong>\u00a0(2006-2019), dijo que la elecci\u00f3n de\u00a0<strong>Claudia Sheinbaum<\/strong>\u00a0como presidenta de M\u00e9xico es \u201cuna\u00a0<strong>esperanza<\/strong>\u00a0para\u00a0<strong>Am\u00e9rica<\/strong>\u00a0<strong>Latina<\/strong>\u201d y \u201cpara todas las mujeres\u201d de la regi\u00f3n.<\/p>\n<p>El exgobernante boliviano, en una entrevista con EFE, habl\u00f3 sobre su presencia como observador de las elecciones en el pa\u00eds norteamericano el pasado 2 de junio y asegur\u00f3 que \u201cM\u00e9xico con AMLO (Andr\u00e9s Manuel L\u00f3pez Obrador) ha demostrado que tiene mucho futuro y esperanza y que mira m\u00e1s al sur que al norte\u201d.<\/p>\n<p>Aunque agreg\u00f3 que a diferencia de lo que \u00e9l quiere para Bolivia,\u00a0<strong>M\u00e9xico<\/strong>\u00a0\u201ces m\u00e1s un pa\u00eds\u00a0<strong>humanista<\/strong>,\u00a0<strong>progresista<\/strong>, que anti-imperialista\u201d.<\/p>\n<div id=\"ros-inread-s2dvn9\" class=\"ad-container dfp-ad-unit ad-inread ad-main-inread ad-slot\" data-ad-type=\"inread\" data-slot=\"inread\" data-ad-loaded=\"1\" data-ad-setup=\"{&quot;postID&quot;:1637727,&quot;canRefresh&quot;:false,&quot;infinitescroll&quot;:false}\" data-google-query-id=\"CJOXz83TvYcDFdyNdwEdigolHQ\">\n<div id=\"google_ads_iframe_\/76814929\/ld\/inread_0__container__\"><\/div>\n<\/div>\n<p>\u201cA\u00a0<strong>Claudia<\/strong>\u00a0(<strong>Sheinbaum<\/strong>) la conoc\u00ed durante el golpe de Estado, es\u00a0<strong>humilde<\/strong>\u00a0con mucho\u00a0<strong>conocimiento\u201d<\/strong>\u00a0e indic\u00f3 que est\u00e1 seguro que seguir\u00eda la l\u00ednea de gobierno de AMLO.<\/p>\n<p>Las relaciones entre Bolivia y M\u00e9xico se fortalecieron durante la crisis pol\u00edtica de 2019 en el pa\u00eds andino.<\/p>\n<p>Morales y su partido han alegado que en ese a\u00f1o hubo un \u201c<a href=\"https:\/\/lopezdoriga.com\/internacional\/evo-morales-asegura-que-el-era-el-blanco-del-intento-de-golpe-de-estado\/\" target=\"_blank\" rel=\"noopener\">golpe de Estado<\/a>\u201d contra el entonces presidente Evo Morales, mientras que la oposici\u00f3n sostiene que las protestas que derivaron en su renuncia fueron consecuencia de un fraude a su favor en los fallidos comicios generales de ese a\u00f1o.<\/p>\n<p>El 12 de noviembre de 2019, Jeanine \u00c1\u00f1ez asumi\u00f3 el mando interino del pa\u00eds como segunda vicepresidenta del Senado, dos d\u00edas despu\u00e9s de la renuncia del entonces presidente Evo Morales y de todos los funcionarios en l\u00ednea de sucesi\u00f3n presidencial.<\/p>\n<p>Morales se refugi\u00f3 en Argentina, mientras que muchos de sus funcionarios, incluyendo al presidente boliviano, Luis Arce, encontraron asilo en la casa del embajador de M\u00e9xico en Bolivia, y algunos consiguieron un salvoconducto hacia tierras mexicanas.<\/p>\n<div id=\"ros-inread-multiple-ywfm4s\" class=\"ad-container dfp-ad-unit ad-inread ad-slot\" data-ad-type=\"inreadbox\" data-slot=\"inread-multiple\" data-ad-loaded=\"1\" data-ad-setup=\"{&quot;postID&quot;:1637727,&quot;canRefresh&quot;:false,&quot;infinitescroll&quot;:false}\" data-google-query-id=\"CPr1otHTvYcDFYSNdwEd7TkE2Q\">\n<div id=\"google_ads_iframe_\/76814929\/ld\/inread-multiple_0__container__\"><\/div>\n<\/div>\n<p>Arce y Morales se han manifestado agradecidos en numerosas ocasiones con el Gobierno de AMLO y han recalcado su cercan\u00eda ideol\u00f3gica, siendo Bolivia uno de los pa\u00edses que con m\u00e1s fuerza condenaron el asalto en abril de la embajada mexicana en Quito, cuando polic\u00edas ecuatorianos irrumpieron la sede diplom\u00e1tica para capturar al expresidente Jorge Glas, acusado de actos de corrupci\u00f3n.<\/p>\n<p><strong>Con informaci\u00f3n de EFE<\/strong><\/p>\n<\/div>\n<\/div>\n<\/div>\n<\/div>\n","protected":false},"excerpt":{"rendered":"<p>Evo Morales describe a Sheinbaum como una mujer humilde con mucho conocimiento, quien seguramente seguir\u00eda la l\u00ednea de gobierno de AMLO &nbsp; JULIO 23, 2024 El expresidente de Bolivia y l\u00edder del oficialismo,\u00a0Evo\u00a0Morales\u00a0(2006-2019), dijo que la elecci\u00f3n de\u00a0Claudia Sheinbaum\u00a0como presidenta de M\u00e9xico es \u201cuna\u00a0esperanza\u00a0para\u00a0Am\u00e9rica\u00a0Latina\u201d y \u201cpara todas las mujeres\u201d de la regi\u00f3n. El exgobernante boliviano, en una entrevista con EFE, habl\u00f3 sobre su presencia como observador de las elecciones en el pa\u00eds norteamericano el pasado 2 de junio y asegur\u00f3 que \u201cM\u00e9xico con AMLO (Andr\u00e9s Manuel L\u00f3pez Obrador) ha demostrado que tiene mucho futuro y esperanza y que mira m\u00e1s [&hellip;]<\/p>\n","protected":false},"author":3,"featured_media":99603,"comment_status":"open","ping_status":"open","sticky":false,"template":"","format":"standard","meta":{"_jetpack_newsletter_access":"","_jetpack_dont_email_post_to_subs":false,"_jetpack_newsletter_tier_id":0,"_jetpack_memberships_contains_paywalled_content":false,"_jetpack_feature_clip_id":0,"_jetpack_memberships_contains_paid_content":false,"footnotes":"","jetpack_publicize_message":"","jetpack_publicize_feature_enabled":true,"jetpack_social_post_already_shared":true,"jetpack_social_options":{"image_generator_settings":{"template":"highway","default_image_id":0,"font":"","enabled":false},"version":2},"jetpack_post_was_ever_published":false},"categories":[89],"tags":[],"class_list":["post-99602","post","type-post","status-publish","format-standard","has-post-thumbnail","hentry","category-internacional","post--single"],"jetpack_publicize_connections":[],"jetpack_featured_media_url":"https:\/\/ovelanalista.com\/wp-content\/uploads\/2024\/07\/claudia-sheinbaum-5.webp","jetpack_sharing_enabled":true,"_links":{"self":[{"href":"https:\/\/ovelanalista.com\/index.php?rest_route=\/wp\/v2\/posts\/99602","targetHints":{"allow":["GET"]}}],"collection":[{"href":"https:\/\/ovelanalista.com\/index.php?rest_route=\/wp\/v2\/posts"}],"about":[{"href":"https:\/\/ovelanalista.com\/index.php?rest_route=\/wp\/v2\/types\/post"}],"author":[{"embeddable":true,"href":"https:\/\/ovelanalista.com\/index.php?rest_route=\/wp\/v2\/users\/3"}],"replies":[{"embeddable":true,"href":"https:\/\/ovelanalista.com\/index.php?rest_route=%2Fwp%2Fv2%2Fcomments&post=99602"}],"version-history":[{"count":1,"href":"https:\/\/ovelanalista.com\/index.php?rest_route=\/wp\/v2\/posts\/99602\/revisions"}],"predecessor-version":[{"id":99604,"href":"https:\/\/ovelanalista.com\/index.php?rest_route=\/wp\/v2\/posts\/99602\/revisions\/99604"}],"wp:featuredmedia":[{"embeddable":true,"href":"https:\/\/ovelanalista.com\/index.php?rest_route=\/wp\/v2\/media\/99603"}],"wp:attachment":[{"href":"https:\/\/ovelanalista.com\/index.php?rest_route=%2Fwp%2Fv2%2Fmedia&parent=99602"}],"wp:term":[{"taxonomy":"category","embeddable":true,"href":"https:\/\/ovelanalista.com\/index.php?rest_route=%2Fwp%2Fv2%2Fcategories&post=99602"},{"taxonomy":"post_tag","embeddable":true,"href":"https:\/\/ovelanalista.com\/index.php?rest_route=%2Fwp%2Fv2%2Ftags&post=99602"}],"curies":[{"name":"wp","href":"https:\/\/api.w.org\/{rel}","templated":true}]}}