{"id":99605,"date":"2024-07-23T13:15:15","date_gmt":"2024-07-23T19:15:15","guid":{"rendered":"https:\/\/ovelanalista.com\/?p=99605"},"modified":"2024-07-23T11:12:42","modified_gmt":"2024-07-23T17:12:42","slug":"oms-esta-extremadamente-preocupada-ante-posible-estallido-de-un-brote-de-polio-en-gaza","status":"publish","type":"post","link":"https:\/\/ovelanalista.com\/?p=99605","title":{"rendered":"OMS est\u00e1 \u201cextremadamente preocupada\u201d ante posible estallido de un brote de polio en Gaza"},"content":{"rendered":"<div class=\"entry-grid__content-area entry-main-text\">\n<header class=\"entry-header mb-4\">\n<div class=\"entry-info entry-info-header mb-0 mb-lg-2\">\n<div class=\"entry-excerpt px-0 pb-3\">\n<p>La OMS apunt\u00f3 que existe un \u201calto riesgo de propagaci\u00f3n\u201d de este brote en Gaza y a nivel internacional si no se act\u00faa de forma \u201cr\u00e1pida\u201d<\/p>\n<p>&nbsp;<\/p>\n<div class=\"article-item__date mb-auto align-self-center pb-2\">JULIO 23, 2024<\/div>\n<\/div>\n<\/div>\n<\/header>\n<\/div>\n<div class=\"entry-grid__content-area2 entry-main-text\">\n<div class=\"row\">\n<div class=\"col-12 col-lg-8\">\n<div class=\"article-content\">\n<p>La\u00a0<strong>Organizaci\u00f3n Mundial de la Salud<\/strong>\u00a0(<a href=\"https:\/\/www.who.int\/\" target=\"_blank\" rel=\"noopener noreferrer\"><strong>OMS<\/strong><\/a>) asegur\u00f3 este martes que est\u00e1 \u201cextremadamente\u00a0<strong>preocupada<\/strong>\u201d ante un posible\u00a0<strong>brote<\/strong>\u00a0de\u00a0<strong>polio<\/strong>\u00a0en\u00a0<strong>Gaza<\/strong>\u00a0tras detectar poliovirus de origen vacunal de tipo 2 (VDPV2, por sus siglas en ingl\u00e9s) en seis muestras ambientales tomadas en la Franja.<\/p>\n<p><iframe class=\"perfmatters-lazy entered pmloaded\" src=\"https:\/\/www.google.com\/maps\/embed?pb=!1m18!1m12!1m3!1d217928.57716537695!2d34.223880655013005!3d31.410433457328804!2m3!1f0!2f0!3f0!3m2!1i1024!2i768!4f13.1!3m3!1m2!1s0x14fd844104b258a9%3A0xfddcb14b194be8e7!2sFranja%20de%20Gaza!5e0!3m2!1ses!2smx!4v1721740091654!5m2!1ses!2smx\" allowfullscreen=\"allowfullscreen\" data-src=\"https:\/\/www.google.com\/maps\/embed?pb=!1m18!1m12!1m3!1d217928.57716537695!2d34.223880655013005!3d31.410433457328804!2m3!1f0!2f0!3f0!3m2!1i1024!2i768!4f13.1!3m3!1m2!1s0x14fd844104b258a9%3A0xfddcb14b194be8e7!2sFranja%20de%20Gaza!5e0!3m2!1ses!2smx!4v1721740091654!5m2!1ses!2smx\" data-ll-status=\"loaded\" data-mce-fragment=\"1\"><\/iframe><\/p>\n<p>Aunque de momento el virus solo se ha aislado del medio ambiente, la agencia sanitaria de la ONU asegur\u00f3 que existe un \u201calto riesgo de propagaci\u00f3n\u201d de este brote dentro de Gaza y a nivel internacional si no se act\u00faa de forma \u201cr\u00e1pida y \u00f3ptima\u201d.<\/p>\n<div id=\"ros-inread-cezzxa\" class=\"ad-container dfp-ad-unit ad-inread ad-main-inread ad-slot\" data-ad-type=\"inread\" data-slot=\"inread\" data-ad-loaded=\"1\" data-ad-setup=\"{&quot;postID&quot;:1637722,&quot;canRefresh&quot;:false,&quot;infinitescroll&quot;:false}\" data-google-query-id=\"CN6i34rUvYcDFZDMKAUdnk0D1A\">\n<div id=\"google_ads_iframe_\/76814929\/ld\/inread_0__container__\"><iframe id=\"google_ads_iframe_\/76814929\/ld\/inread_0\" tabindex=\"0\" title=\"3rd party ad content\" name=\"google_ads_iframe_\/76814929\/ld\/inread_0\" width=\"1\" height=\"1\" frameborder=\"0\" marginwidth=\"0\" marginheight=\"0\" scrolling=\"no\" aria-label=\"Advertisement\" data-load-complete=\"true\" data-google-container-id=\"7\" data-mce-fragment=\"1\"><\/iframe><\/div>\n<\/div>\n<blockquote><p>Consideramos que existe un alto riesgo de propagaci\u00f3n del poliovirus circulante no solo debido a su detecci\u00f3n, sino tambi\u00e9n a la grave situaci\u00f3n del saneamiento del agua en la Franja\u201d, se\u00f1al\u00f3 por conferencia virtual desde Gaza el jefe de los servicios de emergencia de la OMS en los Territorios Palestinos Ocupados,\u00a0<strong>Ayadil Saberkov<\/strong>.<\/p><\/blockquote>\n<p>El responsable local asegur\u00f3 que la OMS ya est\u00e1 desarrollando una investigaci\u00f3n epidemiol\u00f3gica y una evaluaci\u00f3n de riesgos sobre el terreno para identificar la fuente del poliovirus detectado y determinar las recomendaciones necesarias ante un posible brote.<\/p>\n<p>Estas recomendaciones incluir\u00e1n, por ejemplo, la necesidad de una campa\u00f1a de vacunaci\u00f3n masiva, el tipo de vacuna que deber\u00e1 utilizarse y el grupo de poblaci\u00f3n que deber\u00e1 ser vacunado.<\/p>\n<p>No obstante, preguntado por la situaci\u00f3n sanitaria en la Franja, Saberkov reconoci\u00f3 que la implementaci\u00f3n de estas medidas ser\u00e1 \u201cmuy dif\u00edcil\u201d debido a la casi paralizaci\u00f3n total del sistema sanitario gazat\u00ed, la falta de agua y saneamiento y la dificultad de la poblaci\u00f3n para acceder a los servicios sanitarios.<\/p>\n<p>Ante esta situaci\u00f3n, asegur\u00f3 estar \u201cmuy preocupado\u201d no s\u00f3lo por un posible brote de polio, sino tambi\u00e9n \u201cpor los diferentes brotes de enfermedades transmisibles que puedan producirse en Gaza\u201d.<\/p>\n<p>La OMS espera concluir sus trabajos de evaluaci\u00f3n durante esta semana y trasladar\u00e1 sus recomendaciones tambi\u00e9n a las autoridades sanitarias de los pa\u00edses vecinos, incluidos Egipto, Jordania e Israel, a fin de evitar una propagaci\u00f3n a nivel internacional<\/p>\n<p>Con informaci\u00f3n de EFE<\/p>\n<\/div>\n<\/div>\n<\/div>\n<\/div>\n","protected":false},"excerpt":{"rendered":"<p>La OMS apunt\u00f3 que existe un \u201calto riesgo de propagaci\u00f3n\u201d de este brote en Gaza y a nivel internacional si no se act\u00faa de forma \u201cr\u00e1pida\u201d &nbsp; JULIO 23, 2024 La\u00a0Organizaci\u00f3n Mundial de la Salud\u00a0(OMS) asegur\u00f3 este martes que est\u00e1 \u201cextremadamente\u00a0preocupada\u201d ante un posible\u00a0brote\u00a0de\u00a0polio\u00a0en\u00a0Gaza\u00a0tras detectar poliovirus de origen vacunal de tipo 2 (VDPV2, por sus siglas en ingl\u00e9s) en seis muestras ambientales tomadas en la Franja. Aunque de momento el virus solo se ha aislado del medio ambiente, la agencia sanitaria de la ONU asegur\u00f3 que existe un \u201calto riesgo de propagaci\u00f3n\u201d de este brote dentro de Gaza y a [&hellip;]<\/p>\n","protected":false},"author":3,"featured_media":99606,"comment_status":"open","ping_status":"open","sticky":false,"template":"","format":"standard","meta":{"_jetpack_newsletter_access":"","_jetpack_dont_email_post_to_subs":false,"_jetpack_newsletter_tier_id":0,"_jetpack_memberships_contains_paywalled_content":false,"_jetpack_feature_clip_id":0,"_jetpack_memberships_contains_paid_content":false,"footnotes":"","jetpack_publicize_message":"","jetpack_publicize_feature_enabled":true,"jetpack_social_post_already_shared":true,"jetpack_social_options":{"image_generator_settings":{"template":"highway","default_image_id":0,"font":"","enabled":false},"version":2},"jetpack_post_was_ever_published":false},"categories":[89,72],"tags":[],"class_list":["post-99605","post","type-post","status-publish","format-standard","has-post-thumbnail","hentry","category-internacional","category-portada","post--single"],"jetpack_publicize_connections":[],"jetpack_featured_media_url":"https:\/\/ovelanalista.com\/wp-content\/uploads\/2024\/07\/palestinos-gaza-bombardeos-israel.webp","jetpack_sharing_enabled":true,"_links":{"self":[{"href":"https:\/\/ovelanalista.com\/index.php?rest_route=\/wp\/v2\/posts\/99605","targetHints":{"allow":["GET"]}}],"collection":[{"href":"https:\/\/ovelanalista.com\/index.php?rest_route=\/wp\/v2\/posts"}],"about":[{"href":"https:\/\/ovelanalista.com\/index.php?rest_route=\/wp\/v2\/types\/post"}],"author":[{"embeddable":true,"href":"https:\/\/ovelanalista.com\/index.php?rest_route=\/wp\/v2\/users\/3"}],"replies":[{"embeddable":true,"href":"https:\/\/ovelanalista.com\/index.php?rest_route=%2Fwp%2Fv2%2Fcomments&post=99605"}],"version-history":[{"count":1,"href":"https:\/\/ovelanalista.com\/index.php?rest_route=\/wp\/v2\/posts\/99605\/revisions"}],"predecessor-version":[{"id":99607,"href":"https:\/\/ovelanalista.com\/index.php?rest_route=\/wp\/v2\/posts\/99605\/revisions\/99607"}],"wp:featuredmedia":[{"embeddable":true,"href":"https:\/\/ovelanalista.com\/index.php?rest_route=\/wp\/v2\/media\/99606"}],"wp:attachment":[{"href":"https:\/\/ovelanalista.com\/index.php?rest_route=%2Fwp%2Fv2%2Fmedia&parent=99605"}],"wp:term":[{"taxonomy":"category","embeddable":true,"href":"https:\/\/ovelanalista.com\/index.php?rest_route=%2Fwp%2Fv2%2Fcategories&post=99605"},{"taxonomy":"post_tag","embeddable":true,"href":"https:\/\/ovelanalista.com\/index.php?rest_route=%2Fwp%2Fv2%2Ftags&post=99605"}],"curies":[{"name":"wp","href":"https:\/\/api.w.org\/{rel}","templated":true}]}}