{"id":99617,"date":"2024-07-23T14:15:12","date_gmt":"2024-07-23T20:15:12","guid":{"rendered":"https:\/\/ovelanalista.com\/?p=99617"},"modified":"2024-07-23T14:05:21","modified_gmt":"2024-07-23T20:05:21","slug":"comision-aprueba-convocatoria-del-concurso-de-oratoria-juan-escutia-capitulo-sinaloa","status":"publish","type":"post","link":"https:\/\/ovelanalista.com\/?p=99617","title":{"rendered":"Comisi\u00f3n aprueba Convocatoria del Concurso de Oratoria \u201cJuan Escutia\u201d, cap\u00edtulo Sinaloa"},"content":{"rendered":"<p>Culiac\u00e1n, Sinaloa.- Por unanimidad, la Comisi\u00f3n Permanente de la Juventud, Cultura F\u00edsica y Deporte del H. Congreso del Estado de Sinaloa, aprob\u00f3 la Convocatoria de la Sexta Edici\u00f3n del Concurso Nacional de Oratoria Juan Escutia 2024, a desarrollarse en su etapa estatal el viernes 23 de agosto de 2024 en el Recinto oficial del Poder Legislativo local.<\/p>\n<p>Este certamen es para elegir a la persona que representar\u00e1 a la juventud sinaloense en el VI Concurso Nacional de Oratoria \u201cJuan Escutia\u201d 2024 a celebrarse en el Congreso local de Tepic, Nayarit el viernes 13 de septiembre de 2024.<\/p>\n<p>Votaron a favor el diputado y las diputadas Mar\u00eda Guadalupe C\u00e1zares Gallegos, Nela Rosiely S\u00e1nchez S\u00e1nchez, Cinthia Valenzuela Langarica y Daniel Antonio Cisneros Castro, presidenta, secretaria y vocales, respectivamente.<\/p>\n<p>En reuni\u00f3n de trabajo, las y los diputados integrantes de la Comisi\u00f3n legislativa conocieron los pormenores de la Convocatoria, ya que el Secretario T\u00e9cnico de la Comisi\u00f3n Eduardo Salom\u00e9 Soto dio lectura al proyecto de Convocatoria que posteriormente fue aprobado en todos sus t\u00e9rminos.<\/p>\n<p>La presidenta de esta Comisi\u00f3n, diputada Mar\u00eda Guadalupe C\u00e1zares Gallegos, inform\u00f3 que esta Convocatoria est\u00e1 dirigida a las y los j\u00f3venes sinaloenses de entre 18 y 29 a\u00f1os con el objetivo de fomentar en la juventud los valores c\u00edvicos, patri\u00f3ticos, sociales y culturales.<\/p>\n<p>La Convocatoria establece que podr\u00e1n participar las y los j\u00f3venes de entre 18 y 29 a\u00f1os, nacidos en el estado de Sinaloa o que cuenten con una residencia comprobada mayor a 2 a\u00f1os, esto atendiendo los requisitos establecidos por la Convocatoria nacional.<\/p>\n<p>Se precis\u00f3 que la inscripci\u00f3n de las y los aspirantes deber\u00e1 ser a m\u00e1s tardar el lunes 19 de agosto de 2024.<\/p>\n<p>Las Bases se podr\u00e1n consultar en la p\u00e1gina del Congreso del Estado de Sinaloa ya que para el registro en el Concurso Nacional se debe presentar original y\/o copia certificada del acta de nacimiento y CURP, copia certificada de identificaci\u00f3n oficial vigente con fotograf\u00eda de la o el participante y la acreditaci\u00f3n realizada por la Legislatura del Poder Legislativo.<\/p>\n<p>Las y los aspirantes deber\u00e1n hacer llegar la previa documentaci\u00f3n en f\u00edsico a la oficina de oficial\u00eda de partes, o v\u00eda correo electr\u00f3nico a: dip.maria.cazares@congresosinaloa.gob.mx<\/p>\n<p>Quienes se registren y vivan fuera de Culiac\u00e1n, el Congreso del Estado les otorgar\u00e1 los gastos de alimentaci\u00f3n.<\/p>\n<p>La Convocatoria establece que todos los discursos deber\u00e1n pronunciarse sin auxilio de guiones ni micr\u00f3fonos.<\/p>\n<p>El Poder Legislativo de Sinaloa se har\u00e1 cargo del traslado y permanencia del ganador en la ciudad de Tepic, Nayarit, y tambi\u00e9n, se le estimular\u00e1 econ\u00f3micamente.<\/p>\n<p>Todas y todos los participantes ser\u00e1n acreedores de un reconocimiento otorgado por el H. Congreso del Estado.<\/p>\n<p>En otro orden de ideas, durante el desarrollo de la reuni\u00f3n, Sa\u00fal Gerardo Meza L\u00f3pez, Director del Instituto Sinaloense de la Juventud (ISJU), realiz\u00f3 con su equipo de trabajo una amplia exposici\u00f3n sobre la propuesta del \u201cCircuito Debate Juvenil Sinaloa\u201d (CDJS), cuya celebraci\u00f3n se contempla durante los meses de agosto y septiembre.<\/p>\n<p>Le acompa\u00f1aron Christian Jos\u00e9 Rodr\u00edguez Beltr\u00e1n, Coordinador General de Juventudes 20-30 Sinaloa; Ram\u00f3n Alejandro D\u00edaz Cos\u00edo, Coordinador de Embajadores 20-30; Dana\u00e9 L\u00f3pez Berrelleza, Embajadora Juvenil por la Agenda 20-30 y Jos\u00e9 Ra\u00fal L\u00f3pez C\u00e1rdenas, Embajador de Juventudes 20-30.<\/p>\n<p>Los organizadores del CDJS expusieron los objetivos y la problem\u00e1tica que atiende el ejercicio del debate y presentaron la propuesta del evento.<\/p>\n<p>Explicaron que Juventudes 20-30 es una comunidad de j\u00f3venes que desarrollan proyectos de alto impacto social y ambiental para la implementaci\u00f3n de los 17 Objetivos del Desarrollo Sostenible (ODS) de la Agenda 20-30. \u201cDebatir es trascender y entender las diferencias que lejos de separarnos nos complementan\u201d, concluyeron.<\/p>\n","protected":false},"excerpt":{"rendered":"<p>Culiac\u00e1n, Sinaloa.- Por unanimidad, la Comisi\u00f3n Permanente de la Juventud, Cultura F\u00edsica y Deporte del H. Congreso del Estado de Sinaloa, aprob\u00f3 la Convocatoria de la Sexta Edici\u00f3n del Concurso Nacional de Oratoria Juan Escutia 2024, a desarrollarse en su etapa estatal el viernes 23 de agosto de 2024 en el Recinto oficial del Poder Legislativo local. Este certamen es para elegir a la persona que representar\u00e1 a la juventud sinaloense en el VI Concurso Nacional de Oratoria \u201cJuan Escutia\u201d 2024 a celebrarse en el Congreso local de Tepic, Nayarit el viernes 13 de septiembre de 2024. Votaron a favor [&hellip;]<\/p>\n","protected":false},"author":3,"featured_media":99618,"comment_status":"open","ping_status":"open","sticky":false,"template":"","format":"standard","meta":{"_jetpack_newsletter_access":"","_jetpack_dont_email_post_to_subs":false,"_jetpack_newsletter_tier_id":0,"_jetpack_memberships_contains_paywalled_content":false,"_jetpack_feature_clip_id":0,"_jetpack_memberships_contains_paid_content":false,"footnotes":"","jetpack_publicize_message":"","jetpack_publicize_feature_enabled":true,"jetpack_social_post_already_shared":true,"jetpack_social_options":{"image_generator_settings":{"template":"highway","default_image_id":0,"font":"","enabled":false},"version":2},"jetpack_post_was_ever_published":false},"categories":[72,84],"tags":[],"class_list":["post-99617","post","type-post","status-publish","format-standard","has-post-thumbnail","hentry","category-portada","category-sinaloa-centro","post--single"],"jetpack_publicize_connections":[],"jetpack_featured_media_url":"https:\/\/ovelanalista.com\/wp-content\/uploads\/2024\/07\/WhatsApp-Image-2024-07-23-at-11.10.37-AM.jpeg","jetpack_sharing_enabled":true,"_links":{"self":[{"href":"https:\/\/ovelanalista.com\/index.php?rest_route=\/wp\/v2\/posts\/99617","targetHints":{"allow":["GET"]}}],"collection":[{"href":"https:\/\/ovelanalista.com\/index.php?rest_route=\/wp\/v2\/posts"}],"about":[{"href":"https:\/\/ovelanalista.com\/index.php?rest_route=\/wp\/v2\/types\/post"}],"author":[{"embeddable":true,"href":"https:\/\/ovelanalista.com\/index.php?rest_route=\/wp\/v2\/users\/3"}],"replies":[{"embeddable":true,"href":"https:\/\/ovelanalista.com\/index.php?rest_route=%2Fwp%2Fv2%2Fcomments&post=99617"}],"version-history":[{"count":1,"href":"https:\/\/ovelanalista.com\/index.php?rest_route=\/wp\/v2\/posts\/99617\/revisions"}],"predecessor-version":[{"id":99619,"href":"https:\/\/ovelanalista.com\/index.php?rest_route=\/wp\/v2\/posts\/99617\/revisions\/99619"}],"wp:featuredmedia":[{"embeddable":true,"href":"https:\/\/ovelanalista.com\/index.php?rest_route=\/wp\/v2\/media\/99618"}],"wp:attachment":[{"href":"https:\/\/ovelanalista.com\/index.php?rest_route=%2Fwp%2Fv2%2Fmedia&parent=99617"}],"wp:term":[{"taxonomy":"category","embeddable":true,"href":"https:\/\/ovelanalista.com\/index.php?rest_route=%2Fwp%2Fv2%2Fcategories&post=99617"},{"taxonomy":"post_tag","embeddable":true,"href":"https:\/\/ovelanalista.com\/index.php?rest_route=%2Fwp%2Fv2%2Ftags&post=99617"}],"curies":[{"name":"wp","href":"https:\/\/api.w.org\/{rel}","templated":true}]}}