{"id":99621,"date":"2024-07-23T14:30:57","date_gmt":"2024-07-23T20:30:57","guid":{"rendered":"https:\/\/ovelanalista.com\/?p=99621"},"modified":"2024-07-23T14:06:50","modified_gmt":"2024-07-23T20:06:50","slug":"claudia-sheinbaum-recibiria-constancia-de-mayoria-en-agosto","status":"publish","type":"post","link":"https:\/\/ovelanalista.com\/?p=99621","title":{"rendered":"Claudia Sheinbaum recibir\u00eda constancia de mayor\u00eda en agosto"},"content":{"rendered":"<p><b>El Tribunal Electoral del Poder Judicial de la Federaci\u00f3n validar\u00e1 la elecci\u00f3n a finales de este mes<\/b><\/p>\n<p>&nbsp;<\/p>\n<p>La presidenta electa Claudia Sheinbaum podr\u00eda recibir la constancia de mayor\u00eda, entre la primera y segunda semana de agosto.<\/p>\n<p>Detall\u00f3 que el Tribunal Electoral del Poder Judicial de la Federaci\u00f3n (TEPJF) validar\u00e1 la elecci\u00f3n a finales de este mes, con lo que el pr\u00f3ximo agosto recibir\u00e1 la constancia.<\/p>\n<p>\u201cParece que van a calificar la elecci\u00f3n a finales de julio, eso significar\u00eda que la primera o segunda semana de agosto ya nos estar\u00edan entregando la constancia\u201d, apunt\u00f3 en encuentro con los medios de comunicaci\u00f3n.<\/p>\n<p>Tambi\u00e9n coment\u00f3 que junto con su equipo, se encuentra detallando el itinerario del pr\u00f3ximo 1 de octubre, cuando tomar\u00e1 posesi\u00f3n.<\/p>\n<p>Despu\u00e9s de acudir a la C\u00e1mara de Diputados para recibir la banda presidencial, recibir\u00e1 a diversos mandatarios en Palacio Nacional. Posteriormente, realizar\u00e1 su primer mitin en el Z\u00f3calo capitalino, ya como presidenta de M\u00e9xico.Explic\u00f3 que \u201cya estamos trabajando sobre el d\u00eda primero, vamos a ir al Congreso, despu\u00e9s vamos a recibir a los mandatarios de todo el mundo, y vamos a tener un mitin afuera de Palacio Nacional\u201d.<\/p>\n<p>Tratan de registrar su nombre<\/p>\n<p>Una persona de nombre desconocido present\u00f3 en el Instituto Mexicano de la Propiedad Industrial (IMPI) el registro como marca comercial del nombre Claudia Sheinbaum para vender productos como camisetas, calzado, m\u00fasica y sombreros.<\/p>\n<p>En el expediente 3179493 indica que un hombre residente en la alcald\u00eda Benito Ju\u00e1rez, en la Ciudad de M\u00e9xico, present\u00f3 una solicitud para obtener la concesi\u00f3n de la marca del nombre y apellido de la pr\u00f3xima presidenta.<\/p>\n<p>En el expediente no se presenta carta poder firmado por Sheinbaum Pardo en la que se indique que dio su aval para presentar esta solicitud.<\/p>\n","protected":false},"excerpt":{"rendered":"<p>El Tribunal Electoral del Poder Judicial de la Federaci\u00f3n validar\u00e1 la elecci\u00f3n a finales de este mes &nbsp; La presidenta electa Claudia Sheinbaum podr\u00eda recibir la constancia de mayor\u00eda, entre la primera y segunda semana de agosto. Detall\u00f3 que el Tribunal Electoral del Poder Judicial de la Federaci\u00f3n (TEPJF) validar\u00e1 la elecci\u00f3n a finales de este mes, con lo que el pr\u00f3ximo agosto recibir\u00e1 la constancia. \u201cParece que van a calificar la elecci\u00f3n a finales de julio, eso significar\u00eda que la primera o segunda semana de agosto ya nos estar\u00edan entregando la constancia\u201d, apunt\u00f3 en encuentro con los medios de [&hellip;]<\/p>\n","protected":false},"author":3,"featured_media":99624,"comment_status":"open","ping_status":"open","sticky":false,"template":"","format":"standard","meta":{"_jetpack_newsletter_access":"","_jetpack_dont_email_post_to_subs":false,"_jetpack_newsletter_tier_id":0,"_jetpack_memberships_contains_paywalled_content":false,"_jetpack_feature_clip_id":0,"_jetpack_memberships_contains_paid_content":false,"footnotes":"","jetpack_publicize_message":"","jetpack_publicize_feature_enabled":true,"jetpack_social_post_already_shared":true,"jetpack_social_options":{"image_generator_settings":{"template":"highway","default_image_id":0,"font":"","enabled":false},"version":2},"jetpack_post_was_ever_published":false},"categories":[75,72],"tags":[],"class_list":["post-99621","post","type-post","status-publish","format-standard","has-post-thumbnail","hentry","category-nacional","category-portada","post--single"],"jetpack_publicize_connections":[],"jetpack_featured_media_url":"https:\/\/ovelanalista.com\/wp-content\/uploads\/2024\/07\/la-shein.jpg","jetpack_sharing_enabled":true,"_links":{"self":[{"href":"https:\/\/ovelanalista.com\/index.php?rest_route=\/wp\/v2\/posts\/99621","targetHints":{"allow":["GET"]}}],"collection":[{"href":"https:\/\/ovelanalista.com\/index.php?rest_route=\/wp\/v2\/posts"}],"about":[{"href":"https:\/\/ovelanalista.com\/index.php?rest_route=\/wp\/v2\/types\/post"}],"author":[{"embeddable":true,"href":"https:\/\/ovelanalista.com\/index.php?rest_route=\/wp\/v2\/users\/3"}],"replies":[{"embeddable":true,"href":"https:\/\/ovelanalista.com\/index.php?rest_route=%2Fwp%2Fv2%2Fcomments&post=99621"}],"version-history":[{"count":1,"href":"https:\/\/ovelanalista.com\/index.php?rest_route=\/wp\/v2\/posts\/99621\/revisions"}],"predecessor-version":[{"id":99625,"href":"https:\/\/ovelanalista.com\/index.php?rest_route=\/wp\/v2\/posts\/99621\/revisions\/99625"}],"wp:featuredmedia":[{"embeddable":true,"href":"https:\/\/ovelanalista.com\/index.php?rest_route=\/wp\/v2\/media\/99624"}],"wp:attachment":[{"href":"https:\/\/ovelanalista.com\/index.php?rest_route=%2Fwp%2Fv2%2Fmedia&parent=99621"}],"wp:term":[{"taxonomy":"category","embeddable":true,"href":"https:\/\/ovelanalista.com\/index.php?rest_route=%2Fwp%2Fv2%2Fcategories&post=99621"},{"taxonomy":"post_tag","embeddable":true,"href":"https:\/\/ovelanalista.com\/index.php?rest_route=%2Fwp%2Fv2%2Ftags&post=99621"}],"curies":[{"name":"wp","href":"https:\/\/api.w.org\/{rel}","templated":true}]}}