{"id":99635,"date":"2024-07-23T15:45:44","date_gmt":"2024-07-23T21:45:44","guid":{"rendered":"https:\/\/ovelanalista.com\/?p=99635"},"modified":"2024-07-23T14:19:14","modified_gmt":"2024-07-23T20:19:14","slug":"ingresa-la-revista-jus-de-la-facultad-de-derecho-de-la-uas-al-indice-europeo-de-referencia-para-las-humanidades-y-ciencias-sociales-erih-plus","status":"publish","type":"post","link":"https:\/\/ovelanalista.com\/?p=99635","title":{"rendered":"Ingresa la revista JUS de la Facultad de Derecho de la UAS al \u00cdndice Europeo de Referencia para las Humanidades y Ciencias Sociales ERIH Plus"},"content":{"rendered":"<p><span lang=\"ES\">Como un reconocimiento al esfuerzo y dedicaci\u00f3n de sus colaboradores, la revista jur\u00eddica JUS de la Facultad de Derecho de la Universidad Aut\u00f3noma de Sinaloa ha sido oficialmente incorporada al prestigiado \u00cdndice Europeo de Referencia para las Humanidades y Ciencias Sociales, conocido por sus siglas en ingl\u00e9s como ERIH Plus.<\/span><\/p>\n<p><span lang=\"ES\">\u00a0<\/span><\/p>\n<p><span lang=\"ES\">Gonzalo Armienta Hern\u00e1ndez, coordinador de la Unidad de Estudios de Posgrado de la Facultad de Derecho de la Universidad Aut\u00f3noma de Sinaloa, destac\u00f3 que esto es un reconocimiento al esfuerzo y dedicaci\u00f3n del equipo y colaboradores que hace posible la publicaci\u00f3n trimestral de esta revista desde el seno de esta casa de estudios.<\/span><\/p>\n<p><span lang=\"ES\">\u00a0<\/span><\/p>\n<p><span lang=\"ES\">\u201cEsto es muy importante que est\u00e9 indexada o que est\u00e9 indexada en varias p\u00e1ginas en virtud de que los que escriben dentro de la revista pueden ya cualquier persona al entrar a la p\u00e1gina, puede ver lo que ha escrito y ponerlo como referencia en sus art\u00edculos\u201d, coment\u00f3.<\/span><\/p>\n<p><span lang=\"ES\">\u00a0<\/span><\/p>\n<p><span lang=\"ES\">Indic\u00f3 que el estar oficialmente incorporados a este prestigiado \u00edndice representa un plus para la Universidad Aut\u00f3noma de Sinaloa y para los acad\u00e9micos que ah\u00ed publiquen, porque ello implica que sus art\u00edculos podr\u00e1n ser citados por investigadores de otros pa\u00edses.<\/span><\/p>\n<p><span lang=\"ES\">\u00a0<\/span><\/p>\n<p><span lang=\"ES\">\u201cPocas son las facultades de Derecho aqu\u00ed en Sinaloa y hay algunas revistas dentro de la UAS que est\u00e1n en este proceso, nosotros vamos m\u00e1s adelantados, eso no quiere que las otras revistas no pueden tambi\u00e9n llegar a estos \u00edndices porque est\u00e1n realmente muy preocupadas porque sus revistas tambi\u00e9n lleguen a estos \u00edndices\u201d, a\u00f1adi\u00f3.<\/span><\/p>\n<p><span lang=\"ES\">\u00a0<\/span><\/p>\n<p><span lang=\"ES\">Armienta Hern\u00e1ndez reconoci\u00f3 que, para la incorporaci\u00f3n oficial al prestigiado \u00edndice ERIH Plus, ha sido muy importante el respaldo que han recibido a trav\u00e9s de cursos de parte del personal de la Biblioteca Central de la UAS.<\/span><\/p>\n<p><span lang=\"ES\">\u00a0<\/span><\/p>\n<p><span lang=\"ES\">El coordinador de la Unidad de Estudios de Posgrado de la Facultad de Derecho enfatiz\u00f3 que el camino no se detendr\u00e1 aqu\u00ed y que ahora a lo que aspiran es a ingresar a la plataforma Scopus, que es otro nivel en el cual est\u00e1n las revistas de prestigiadas Universidades norteamericanas y europeas.<\/span><\/p>\n<p><span lang=\"ES\">\u00a0<\/span><\/p>\n<p><span lang=\"ES\">Cabe se\u00f1alar que en la Revista JUS de la Facultad de Derecho escriben no solamente investigadores de la Facultad de Derecho de la UAS, sino tambi\u00e9n investigadores de otras instituciones a nivel nacional e internacional.<\/span><\/p>\n<p><span lang=\"ES\">\u00a0<\/span><\/p>\n<p><span lang=\"ES\">\u00a0<\/span><\/p>\n<div><\/div>\n<p><span style=\"color: #888888;\"><br \/>\n<\/span><\/p>\n<div class=\"gmail_signature\" dir=\"ltr\" data-smartmail=\"gmail_signature\">\n<div><strong><span style=\"color: #000099;\">Direcci\u00f3n General de Comunicaci\u00f3n Social<\/span><\/strong><\/div>\n<div>\n<p><strong><span style=\"color: #993300;\">UNIVERSIDAD AUT\u00d3NOMA DE SINALOA<\/span><\/strong><\/p>\n<p>&nbsp;<\/p>\n<p><strong><span style=\"color: #993300;\"><span style=\"font-family: Calibri;\"><a href=\"http:\/\/www.uas.edu.mx\/\" target=\"_blank\" rel=\"noopener\" data-saferedirecturl=\"https:\/\/www.google.com\/url?q=http:\/\/www.uas.edu.mx\/&amp;source=gmail&amp;ust=1721852239856000&amp;usg=AOvVaw1VXIDtp_Pdjphhj4ucNYJA\">http:\/\/www.uas.edu.mx\/<\/a><\/span><\/span><\/strong><\/div>\n<\/div>\n","protected":false},"excerpt":{"rendered":"<p>Como un reconocimiento al esfuerzo y dedicaci\u00f3n de sus colaboradores, la revista jur\u00eddica JUS de la Facultad de Derecho de la Universidad Aut\u00f3noma de Sinaloa ha sido oficialmente incorporada al prestigiado \u00cdndice Europeo de Referencia para las Humanidades y Ciencias Sociales, conocido por sus siglas en ingl\u00e9s como ERIH Plus. \u00a0 Gonzalo Armienta Hern\u00e1ndez, coordinador de la Unidad de Estudios de Posgrado de la Facultad de Derecho de la Universidad Aut\u00f3noma de Sinaloa, destac\u00f3 que esto es un reconocimiento al esfuerzo y dedicaci\u00f3n del equipo y colaboradores que hace posible la publicaci\u00f3n trimestral de esta revista desde el seno de [&hellip;]<\/p>\n","protected":false},"author":3,"featured_media":99636,"comment_status":"open","ping_status":"open","sticky":false,"template":"","format":"standard","meta":{"_jetpack_newsletter_access":"","_jetpack_dont_email_post_to_subs":false,"_jetpack_newsletter_tier_id":0,"_jetpack_memberships_contains_paywalled_content":false,"_jetpack_feature_clip_id":0,"_jetpack_memberships_contains_paid_content":false,"footnotes":"","jetpack_publicize_message":"","jetpack_publicize_feature_enabled":true,"jetpack_social_post_already_shared":true,"jetpack_social_options":{"image_generator_settings":{"template":"highway","default_image_id":0,"font":"","enabled":false},"version":2},"jetpack_post_was_ever_published":false},"categories":[90,72],"tags":[],"class_list":["post-99635","post","type-post","status-publish","format-standard","has-post-thumbnail","hentry","category-estatal","category-portada","post--single"],"jetpack_publicize_connections":[],"jetpack_featured_media_url":"https:\/\/ovelanalista.com\/wp-content\/uploads\/2024\/07\/DERECHO-GONZALO-ARMIENTA-ACEPTACION-DE-LA-REVISTA-JUS-1.jpg","jetpack_sharing_enabled":true,"_links":{"self":[{"href":"https:\/\/ovelanalista.com\/index.php?rest_route=\/wp\/v2\/posts\/99635","targetHints":{"allow":["GET"]}}],"collection":[{"href":"https:\/\/ovelanalista.com\/index.php?rest_route=\/wp\/v2\/posts"}],"about":[{"href":"https:\/\/ovelanalista.com\/index.php?rest_route=\/wp\/v2\/types\/post"}],"author":[{"embeddable":true,"href":"https:\/\/ovelanalista.com\/index.php?rest_route=\/wp\/v2\/users\/3"}],"replies":[{"embeddable":true,"href":"https:\/\/ovelanalista.com\/index.php?rest_route=%2Fwp%2Fv2%2Fcomments&post=99635"}],"version-history":[{"count":1,"href":"https:\/\/ovelanalista.com\/index.php?rest_route=\/wp\/v2\/posts\/99635\/revisions"}],"predecessor-version":[{"id":99637,"href":"https:\/\/ovelanalista.com\/index.php?rest_route=\/wp\/v2\/posts\/99635\/revisions\/99637"}],"wp:featuredmedia":[{"embeddable":true,"href":"https:\/\/ovelanalista.com\/index.php?rest_route=\/wp\/v2\/media\/99636"}],"wp:attachment":[{"href":"https:\/\/ovelanalista.com\/index.php?rest_route=%2Fwp%2Fv2%2Fmedia&parent=99635"}],"wp:term":[{"taxonomy":"category","embeddable":true,"href":"https:\/\/ovelanalista.com\/index.php?rest_route=%2Fwp%2Fv2%2Fcategories&post=99635"},{"taxonomy":"post_tag","embeddable":true,"href":"https:\/\/ovelanalista.com\/index.php?rest_route=%2Fwp%2Fv2%2Ftags&post=99635"}],"curies":[{"name":"wp","href":"https:\/\/api.w.org\/{rel}","templated":true}]}}