{"id":99641,"date":"2024-07-23T16:15:07","date_gmt":"2024-07-23T22:15:07","guid":{"rendered":"https:\/\/ovelanalista.com\/?p=99641"},"modified":"2024-07-23T14:23:48","modified_gmt":"2024-07-23T20:23:48","slug":"alcaldesa-abelina-lopez-convoco-a-un-gran-acuerdo-por-la-seguridad-en-acapulco-guerrero","status":"publish","type":"post","link":"https:\/\/ovelanalista.com\/?p=99641","title":{"rendered":"Alcaldesa Abelina L\u00f3pez convoc\u00f3 a un \u201cgran acuerdo\u201d por la seguridad en Acapulco, Guerrero"},"content":{"rendered":"<div class=\"entry-grid__content-area entry-main-text\">\n<header class=\"entry-header mb-4\">\n<div class=\"entry-info entry-info-header mb-0 mb-lg-2\">\n<div class=\"entry-info-header-block\"><span style=\"font-size: 1.21429rem;\">Abelina L\u00f3pez, alcaldesa de Acapulco, asever\u00f3 que la seguridad es uno de los temas prioritarios en su Gobierno<\/span><\/div>\n<div class=\"entry-excerpt px-0 pb-3\">\n<p>&nbsp;<\/p>\n<div class=\"article-item__date mb-auto align-self-center pb-2\">JULIO 23, 2024<\/div>\n<\/div>\n<\/div>\n<\/header>\n<\/div>\n<div class=\"entry-grid__content-area2 entry-main-text\">\n<div class=\"row\">\n<div class=\"col-12 col-lg-8\">\n<div class=\"article-content\">\n<p><a href=\"https:\/\/x.com\/AbelinaLopezR\" target=\"_blank\" rel=\"noopener noreferrer\"><strong>Abelina L\u00f3pez Rodr\u00edguez<\/strong><\/a>, presidenta municipal de\u00a0<strong>Acapulco, Guerrero<\/strong>, convoc\u00f3 a todos los sectores de dicho municipio para llevar a cabo un\u00a0<strong>gran acuerdo<\/strong>\u00a0con el objetivo de\u00a0<strong>disminuir<\/strong>\u00a0la\u00a0<strong>violencia<\/strong>\u00a0en la regi\u00f3n.<\/p>\n<p><iframe class=\"perfmatters-lazy entered pmloaded\" src=\"https:\/\/www.google.com\/maps\/embed?pb=!1m18!1m12!1m3!1d244419.27186256734!2d-100.0153239205576!3d16.823819744871454!2m3!1f0!2f0!3f0!3m2!1i1024!2i768!4f13.1!3m3!1m2!1s0x85ca5785aece50c9%3A0x9801d8f78a90a4e3!2sAcapulco%20de%20Ju%C3%A1rez%2C%20Gro.!5e0!3m2!1ses!2smx!4v1721764566465!5m2!1ses!2smx\" allowfullscreen=\"allowfullscreen\" data-src=\"https:\/\/www.google.com\/maps\/embed?pb=!1m18!1m12!1m3!1d244419.27186256734!2d-100.0153239205576!3d16.823819744871454!2m3!1f0!2f0!3f0!3m2!1i1024!2i768!4f13.1!3m3!1m2!1s0x85ca5785aece50c9%3A0x9801d8f78a90a4e3!2sAcapulco%20de%20Ju%C3%A1rez%2C%20Gro.!5e0!3m2!1ses!2smx!4v1721764566465!5m2!1ses!2smx\" data-ll-status=\"loaded\" data-mce-fragment=\"1\"><\/iframe><\/p>\n<p class=\"p1\">En entrevista con\u00a0<b>Joaqu\u00edn L\u00f3pez-D\u00f3riga<\/b>\u00a0para su espacio en\u00a0<b>Radio F\u00f3rmula<\/b>, L\u00f3pez Rodr\u00edguez dej\u00f3 en claro que un Gobierno encerrado en oficina dif\u00edcilmente dar\u00e1 resultados.<\/p>\n<div id=\"ros-inread-ys6u55\" class=\"ad-container dfp-ad-unit ad-inread ad-main-inread ad-slot\" data-ad-type=\"inread\" data-slot=\"inread\" data-ad-loaded=\"1\" data-ad-setup=\"{&quot;postID&quot;:1637860,&quot;canRefresh&quot;:false,&quot;infinitescroll&quot;:false}\" data-google-query-id=\"CLK-wc3-vYcDFVoLTwgd120qtA\">\n<div id=\"google_ads_iframe_\/76814929\/ld\/inread_0__container__\"><iframe id=\"google_ads_iframe_\/76814929\/ld\/inread_0\" tabindex=\"0\" title=\"3rd party ad content\" name=\"google_ads_iframe_\/76814929\/ld\/inread_0\" width=\"1\" height=\"1\" frameborder=\"0\" marginwidth=\"0\" marginheight=\"0\" scrolling=\"no\" aria-label=\"Advertisement\" data-load-complete=\"true\" data-google-container-id=\"7\" data-mce-fragment=\"1\"><\/iframe><\/div>\n<\/div>\n<blockquote><p>Son de los temas que hay que seguir trabajando, cada quien le toca en su responsabilidad trabajar. Nosotros estamos planteando un gran acuerdo por Acapulco y esto conlleva a estar todos, es decir, por s\u00ed sola la seguridad no se da sino se convoca participaci\u00f3n de los ciudadanos\u201d, dijo.<\/p><\/blockquote>\n<p>\u201cEl Gobierno encerrado en su despacho dif\u00edcilmente podr\u00e1 dar resultados, en pr\u00f3ximos d\u00edas vamos a convocar a los foros para este gran acuerdo\u201d, explic\u00f3.<\/p>\n<p>La alcaldesa de Acapulco apunt\u00f3 que una de sus prioridades es la seguridad en el puerto guerrerense, por lo que en las \u00faltimas horas nombr\u00f3 como\u00a0<strong>encargado<\/strong>\u00a0<strong>de Despacho<\/strong>\u00a0de la\u00a0<strong>Secretar\u00eda de Seguridad P\u00fablica<\/strong>\u00a0al coronel de Infanter\u00eda retirado\u00a0<strong><a href=\"https:\/\/lopezdoriga.com\/nacional\/eduardo-bailleres-encargado-despacho-secretaria-de-seguridad-acapulco\/\" target=\"_blank\" rel=\"noopener\">Eduardo Bailleres Mendoza<\/a>.<\/strong><\/p>\n<p><iframe class=\"perfmatters-lazy entered pmloaded\" src=\"https:\/\/www.google.com\/maps\/embed?pb=!1m18!1m12!1m3!1d244419.27186256734!2d-100.0153239205576!3d16.823819744871454!2m3!1f0!2f0!3f0!3m2!1i1024!2i768!4f13.1!3m3!1m2!1s0x85ca5785aece50c9%3A0x9801d8f78a90a4e3!2sAcapulco%20de%20Ju%C3%A1rez%2C%20Gro.!5e0!3m2!1ses!2smx!4v1721764566465!5m2!1ses!2smx\" allowfullscreen=\"allowfullscreen\" data-src=\"https:\/\/www.google.com\/maps\/embed?pb=!1m18!1m12!1m3!1d244419.27186256734!2d-100.0153239205576!3d16.823819744871454!2m3!1f0!2f0!3f0!3m2!1i1024!2i768!4f13.1!3m3!1m2!1s0x85ca5785aece50c9%3A0x9801d8f78a90a4e3!2sAcapulco%20de%20Ju%C3%A1rez%2C%20Gro.!5e0!3m2!1ses!2smx!4v1721764566465!5m2!1ses!2smx\" data-ll-status=\"loaded\" data-mce-fragment=\"1\"><\/iframe><\/p>\n<p>\u201cHay que trabajar mi prioridad es el tema de la seguridad, ah\u00ed no hay que escatimar y hay que seguir en esa ruta\u201d, destac\u00f3 en la entrevista.<\/p>\n<p>\u201cHemos visto su curr\u00edculum (de Bailleres Mendoza) y tiene claridad en le tema en el marco de la seguridad\u201d, argument\u00f3.<\/p>\n<p>Abelina L\u00f3pez asever\u00f3 que no se puede quejar del apoyo de las fuerzas federales, quienes han brindado seguridad a Acapulco durante los \u00faltimos meses.<\/p>\n<p>\u201cYo lo que he sentido mucho apoyo de la Guardia Nacional, no puedo quejarme, han estado participando activamente. La Sedena y la Marina, tambi\u00e9n\u201d, se\u00f1al\u00f3.<\/p>\n<p>\u201cCreo que lo que hay que reforzar es en el tema de la inteligencia, me parece que ah\u00ed est\u00e1 el tema. No puedes hacer una detenci\u00f3n si antes no hay investigaci\u00f3n\u201d, enfatiz\u00f3 la presidenta municipal.<\/p>\n<p>\u201cRecib\u00ed una secretaria con tan solo 30 polic\u00edas certificados, diez patrullas chatarras y as\u00ed no se puede, se tiene que apostar al tema de la seguridad, tener recursos. Hoy tenemos 700 polic\u00edas certificados y hay que continuar en esa ruta\u201d, recalc\u00f3.<\/p>\n<p class=\"p1\"><strong>Con informaci\u00f3n de L\u00f3pez-D\u00f3riga Digital<\/strong><\/p>\n<\/div>\n<\/div>\n<\/div>\n<\/div>\n","protected":false},"excerpt":{"rendered":"<p>Abelina L\u00f3pez, alcaldesa de Acapulco, asever\u00f3 que la seguridad es uno de los temas prioritarios en su Gobierno &nbsp; JULIO 23, 2024 Abelina L\u00f3pez Rodr\u00edguez, presidenta municipal de\u00a0Acapulco, Guerrero, convoc\u00f3 a todos los sectores de dicho municipio para llevar a cabo un\u00a0gran acuerdo\u00a0con el objetivo de\u00a0disminuir\u00a0la\u00a0violencia\u00a0en la regi\u00f3n. En entrevista con\u00a0Joaqu\u00edn L\u00f3pez-D\u00f3riga\u00a0para su espacio en\u00a0Radio F\u00f3rmula, L\u00f3pez Rodr\u00edguez dej\u00f3 en claro que un Gobierno encerrado en oficina dif\u00edcilmente dar\u00e1 resultados. Son de los temas que hay que seguir trabajando, cada quien le toca en su responsabilidad trabajar. Nosotros estamos planteando un gran acuerdo por Acapulco y esto conlleva a estar [&hellip;]<\/p>\n","protected":false},"author":3,"featured_media":99642,"comment_status":"open","ping_status":"open","sticky":false,"template":"","format":"standard","meta":{"_jetpack_newsletter_access":"","_jetpack_dont_email_post_to_subs":false,"_jetpack_newsletter_tier_id":0,"_jetpack_memberships_contains_paywalled_content":false,"_jetpack_feature_clip_id":0,"_jetpack_memberships_contains_paid_content":false,"footnotes":"","jetpack_publicize_message":"","jetpack_publicize_feature_enabled":true,"jetpack_social_post_already_shared":true,"jetpack_social_options":{"image_generator_settings":{"template":"highway","default_image_id":0,"font":"","enabled":false},"version":2},"jetpack_post_was_ever_published":false},"categories":[75,72],"tags":[],"class_list":["post-99641","post","type-post","status-publish","format-standard","has-post-thumbnail","hentry","category-nacional","category-portada","post--single"],"jetpack_publicize_connections":[],"jetpack_featured_media_url":"https:\/\/ovelanalista.com\/wp-content\/uploads\/2024\/07\/abelina-lopez-acapulco-guerrero.webp","jetpack_sharing_enabled":true,"_links":{"self":[{"href":"https:\/\/ovelanalista.com\/index.php?rest_route=\/wp\/v2\/posts\/99641","targetHints":{"allow":["GET"]}}],"collection":[{"href":"https:\/\/ovelanalista.com\/index.php?rest_route=\/wp\/v2\/posts"}],"about":[{"href":"https:\/\/ovelanalista.com\/index.php?rest_route=\/wp\/v2\/types\/post"}],"author":[{"embeddable":true,"href":"https:\/\/ovelanalista.com\/index.php?rest_route=\/wp\/v2\/users\/3"}],"replies":[{"embeddable":true,"href":"https:\/\/ovelanalista.com\/index.php?rest_route=%2Fwp%2Fv2%2Fcomments&post=99641"}],"version-history":[{"count":1,"href":"https:\/\/ovelanalista.com\/index.php?rest_route=\/wp\/v2\/posts\/99641\/revisions"}],"predecessor-version":[{"id":99643,"href":"https:\/\/ovelanalista.com\/index.php?rest_route=\/wp\/v2\/posts\/99641\/revisions\/99643"}],"wp:featuredmedia":[{"embeddable":true,"href":"https:\/\/ovelanalista.com\/index.php?rest_route=\/wp\/v2\/media\/99642"}],"wp:attachment":[{"href":"https:\/\/ovelanalista.com\/index.php?rest_route=%2Fwp%2Fv2%2Fmedia&parent=99641"}],"wp:term":[{"taxonomy":"category","embeddable":true,"href":"https:\/\/ovelanalista.com\/index.php?rest_route=%2Fwp%2Fv2%2Fcategories&post=99641"},{"taxonomy":"post_tag","embeddable":true,"href":"https:\/\/ovelanalista.com\/index.php?rest_route=%2Fwp%2Fv2%2Ftags&post=99641"}],"curies":[{"name":"wp","href":"https:\/\/api.w.org\/{rel}","templated":true}]}}