{"id":99644,"date":"2024-07-23T16:30:09","date_gmt":"2024-07-23T22:30:09","guid":{"rendered":"https:\/\/ovelanalista.com\/?p=99644"},"modified":"2024-07-23T14:25:08","modified_gmt":"2024-07-23T20:25:08","slug":"ataque-en-velorio-de-penjamo-guanajuato-deja-2-muertos-y-6-heridos","status":"publish","type":"post","link":"https:\/\/ovelanalista.com\/?p=99644","title":{"rendered":"Ataque en velorio de P\u00e9njamo, Guanajuato, deja 2 muertos y 6 heridos"},"content":{"rendered":"<div class=\"entry-grid__content-area entry-main-text\">\n<header class=\"entry-header mb-4\">\n<div class=\"entry-info entry-info-header mb-0 mb-lg-2\">\n<div class=\"entry-excerpt px-0 pb-3\">\n<p>Sujetos armados contra personas que se encontraban en un velorio en la colonia El Beltr\u00e1n de P\u00e9njamo, Guanajuato<\/p>\n<p>&nbsp;<\/p>\n<div class=\"article-item__date mb-auto align-self-center pb-2\">JULIO 23, 2024<\/div>\n<\/div>\n<\/div>\n<\/header>\n<\/div>\n<div class=\"entry-grid__content-area2 entry-main-text\">\n<div class=\"row\">\n<div class=\"col-12 col-lg-8\">\n<div class=\"article-content\">\n<p>Un\u00a0<strong>ataque armado<\/strong>\u00a0durante un velorio en\u00a0<strong>P\u00e9njamo<\/strong>, en<strong>\u00a0Guanajuato<\/strong>, dej\u00f3 como saldo<strong>\u00a0dos personas muertas y seis m\u00e1s heridas<\/strong>.<\/p>\n<p><iframe class=\"perfmatters-lazy entered pmloaded\" src=\"https:\/\/www.google.com\/maps\/embed?pb=!1m18!1m12!1m3!1d7477.152504605661!2d-101.73871595951557!3d20.441511977527437!2m3!1f0!2f0!3f0!3m2!1i1024!2i768!4f13.1!3m3!1m2!1s0x842c13a84fdb141b%3A0xa87a1909663ad6cf!2sEl%20Beltran%2C%20P%C3%A9njamo%2C%20Gto.!5e0!3m2!1ses!2smx!4v1721762654551!5m2!1ses!2smx\" allowfullscreen=\"allowfullscreen\" data-src=\"https:\/\/www.google.com\/maps\/embed?pb=!1m18!1m12!1m3!1d7477.152504605661!2d-101.73871595951557!3d20.441511977527437!2m3!1f0!2f0!3f0!3m2!1i1024!2i768!4f13.1!3m3!1m2!1s0x842c13a84fdb141b%3A0xa87a1909663ad6cf!2sEl%20Beltran%2C%20P%C3%A9njamo%2C%20Gto.!5e0!3m2!1ses!2smx!4v1721762654551!5m2!1ses!2smx\" data-ll-status=\"loaded\" data-mce-fragment=\"1\"><\/iframe><\/p>\n<p>La agresi\u00f3n armada ocurri\u00f3 aproximadamente a las 23:30 h del lunes 22 de julio en la\u00a0<strong>colonia El Beltr\u00e1n<\/strong>, cuando sujetos armados llegaron a los servicios f\u00fanebres y dispararon contra quienes estaban ah\u00ed presentes.<\/p>\n<div id=\"ros-inread-4p6zpp\" class=\"ad-container dfp-ad-unit ad-inread ad-main-inread ad-slot\" data-ad-type=\"inread\" data-slot=\"inread\" data-ad-loaded=\"1\" data-ad-setup=\"{&quot;postID&quot;:1637853,&quot;canRefresh&quot;:false,&quot;infinitescroll&quot;:false}\" data-google-query-id=\"CNXu-fn-vYcDFXgHTwgdQZAG7g\">\n<div id=\"google_ads_iframe_\/76814929\/ld\/inread_0__container__\"><iframe id=\"google_ads_iframe_\/76814929\/ld\/inread_0\" tabindex=\"0\" title=\"3rd party ad content\" name=\"google_ads_iframe_\/76814929\/ld\/inread_0\" width=\"1\" height=\"1\" frameborder=\"0\" marginwidth=\"0\" marginheight=\"0\" scrolling=\"no\" aria-label=\"Advertisement\" data-load-complete=\"true\" data-google-container-id=\"7\" data-mce-fragment=\"1\"><\/iframe><\/div>\n<\/div>\n<p>Al llegar agentes policiacos y servicios de emergencia, confirmaron la muerte de dos personas y seis m\u00e1s lesionadas.<\/p>\n<p>La zona del ataque de inmediato fue acordonada por elementos de la Polic\u00eda Municipal, Ej\u00e9rcito Mexicano y la Guardia Nacional.<\/p>\n<p>Hasta el momento se desconoce el m\u00f3vil del ataque, aunque medios apuntaron que se estaba velando a una persona que fue ejecutada el pasado fin de semana.<\/p>\n<p>Autoridades de Guanajuato no han informado de personas detenidas por este hecho en P\u00e9njamo.<\/p>\n<p>El reporte \u2018<a href=\"https:\/\/lopezdoriga.com\/nacional\/suman-193-mil-129-homicidios-dolosos-en-lo-que-va-del-sexenio\/\" target=\"_blank\" rel=\"noopener\">MX: La Guerra en N\u00fameros<\/a>\u2019, de\u00a0<a href=\"https:\/\/www.tresearch.mx\/\" target=\"_blank\" rel=\"noreferrer noopener\">T-ResearchMX<\/a>, detalla que, de acuerdo con el registro de homicidios dolosos de la Secretar\u00eda de Seguridad y Protecci\u00f3n Ciudadana, del\u00a0<strong>1 de diciembre de 2018 al 22 de julio de 2024<\/strong>, tiempo que lleva la Administraci\u00f3n del presidente\u00a0<strong>Andr\u00e9s\u00a0<\/strong><strong>Manuel L\u00f3pez Obrador<\/strong>, las fiscal\u00edas estatales y federales han registrado\u00a0<strong>193 mil 129 homicidios\u00a0<\/strong><strong>dolosos\u00a0<\/strong>en\u00a0<strong>M\u00e9xico<\/strong>.<\/p>\n<p>Con informaci\u00f3n de L\u00f3pez-D\u00f3riga Digital<\/p>\n<\/div>\n<\/div>\n<\/div>\n<\/div>\n","protected":false},"excerpt":{"rendered":"<p>Sujetos armados contra personas que se encontraban en un velorio en la colonia El Beltr\u00e1n de P\u00e9njamo, Guanajuato &nbsp; JULIO 23, 2024 Un\u00a0ataque armado\u00a0durante un velorio en\u00a0P\u00e9njamo, en\u00a0Guanajuato, dej\u00f3 como saldo\u00a0dos personas muertas y seis m\u00e1s heridas. La agresi\u00f3n armada ocurri\u00f3 aproximadamente a las 23:30 h del lunes 22 de julio en la\u00a0colonia El Beltr\u00e1n, cuando sujetos armados llegaron a los servicios f\u00fanebres y dispararon contra quienes estaban ah\u00ed presentes. Al llegar agentes policiacos y servicios de emergencia, confirmaron la muerte de dos personas y seis m\u00e1s lesionadas. La zona del ataque de inmediato fue acordonada por elementos de la [&hellip;]<\/p>\n","protected":false},"author":3,"featured_media":99645,"comment_status":"open","ping_status":"open","sticky":false,"template":"","format":"standard","meta":{"_jetpack_newsletter_access":"","_jetpack_dont_email_post_to_subs":false,"_jetpack_newsletter_tier_id":0,"_jetpack_memberships_contains_paywalled_content":false,"_jetpack_feature_clip_id":0,"_jetpack_memberships_contains_paid_content":false,"footnotes":"","jetpack_publicize_message":"","jetpack_publicize_feature_enabled":true,"jetpack_social_post_already_shared":true,"jetpack_social_options":{"image_generator_settings":{"template":"highway","default_image_id":0,"font":"","enabled":false},"version":2},"jetpack_post_was_ever_published":false},"categories":[75,72],"tags":[],"class_list":["post-99644","post","type-post","status-publish","format-standard","has-post-thumbnail","hentry","category-nacional","category-portada","post--single"],"jetpack_publicize_connections":[],"jetpack_featured_media_url":"https:\/\/ovelanalista.com\/wp-content\/uploads\/2024\/07\/balas-balacera-ataque-armado.webp","jetpack_sharing_enabled":true,"_links":{"self":[{"href":"https:\/\/ovelanalista.com\/index.php?rest_route=\/wp\/v2\/posts\/99644","targetHints":{"allow":["GET"]}}],"collection":[{"href":"https:\/\/ovelanalista.com\/index.php?rest_route=\/wp\/v2\/posts"}],"about":[{"href":"https:\/\/ovelanalista.com\/index.php?rest_route=\/wp\/v2\/types\/post"}],"author":[{"embeddable":true,"href":"https:\/\/ovelanalista.com\/index.php?rest_route=\/wp\/v2\/users\/3"}],"replies":[{"embeddable":true,"href":"https:\/\/ovelanalista.com\/index.php?rest_route=%2Fwp%2Fv2%2Fcomments&post=99644"}],"version-history":[{"count":1,"href":"https:\/\/ovelanalista.com\/index.php?rest_route=\/wp\/v2\/posts\/99644\/revisions"}],"predecessor-version":[{"id":99646,"href":"https:\/\/ovelanalista.com\/index.php?rest_route=\/wp\/v2\/posts\/99644\/revisions\/99646"}],"wp:featuredmedia":[{"embeddable":true,"href":"https:\/\/ovelanalista.com\/index.php?rest_route=\/wp\/v2\/media\/99645"}],"wp:attachment":[{"href":"https:\/\/ovelanalista.com\/index.php?rest_route=%2Fwp%2Fv2%2Fmedia&parent=99644"}],"wp:term":[{"taxonomy":"category","embeddable":true,"href":"https:\/\/ovelanalista.com\/index.php?rest_route=%2Fwp%2Fv2%2Fcategories&post=99644"},{"taxonomy":"post_tag","embeddable":true,"href":"https:\/\/ovelanalista.com\/index.php?rest_route=%2Fwp%2Fv2%2Ftags&post=99644"}],"curies":[{"name":"wp","href":"https:\/\/api.w.org\/{rel}","templated":true}]}}