{"id":99647,"date":"2024-07-24T11:08:31","date_gmt":"2024-07-24T17:08:31","guid":{"rendered":"https:\/\/ovelanalista.com\/?p=99647"},"modified":"2024-07-24T11:08:31","modified_gmt":"2024-07-24T17:08:31","slug":"el-presupuesto-de-la-continuidad","status":"publish","type":"post","link":"https:\/\/ovelanalista.com\/?p=99647","title":{"rendered":"El presupuesto de la continuidad\u00a0"},"content":{"rendered":"<div><strong>TRANSICI\u00d3N<\/strong><\/div>\n<div><\/div>\n<div><\/div>\n<div>La tolerancia llegar\u00e1 a tal nivel que las personas inteligentes tendr\u00e1n prohibido pensar para no ofender a los imb\u00e9ciles\u201d. Frase de Fi\u00f3dor Dostoyeski.<\/div>\n<div><\/div>\n<div><strong>Oswaldo Villase\u00f1or<\/strong><\/div>\n<div><\/div>\n<div>Cuando se dio a conocer la estructura y distribuci\u00f3n del gasto p\u00fablico en el primer presupuesto elaborado para el gobierno de Andr\u00e9s Manuel L\u00f3pez Obrador advertimos que ven\u00edan malos tiempos para el pa\u00eds.<\/div>\n<div>No hab\u00eda manera como impulsar el crecimiento econ\u00f3mico cuando el gobierno destinaba una gran cantidad de recursos que antes se empleaban en la construcci\u00f3n de obra social y de infraestructura, as\u00ed como en proyectos productivos, y ahora solo se usar\u00eda para soportar un gasto social. O sea a los programas del bienestar.<\/div>\n<div>El tiempo dio la raz\u00f3n. El pa\u00eds de tener un crecimiento del 2.4 en el 2018, en el 2019 fue de -1. O%.<\/div>\n<div>No hubo crecimiento econ\u00f3mico en el primer a\u00f1o del presidente L\u00f3pez Obrador.<\/div>\n<div>En el 2020 y 2021 la pandemia le cay\u00f3 con anillo al dedo al presidente L\u00f3pez Obrador para esconder su fracaso econ\u00f3mico que lo supli\u00f3 por su \u00e9xito pol\u00edtico.<\/div>\n<div>Al presidente nunca le ha importado la econom\u00eda del pa\u00eds. Lo acaba de repetir cuando se mantuvo firme en impulsar su reforma al Poder Judicial. \u201cNo importan las presiones financieras, la fuga de capitales ni la ca\u00edda del peso frente al d\u00f3lar\u201d. La reforma al Poder Judicial va.<\/div>\n<div>En pocas palabras, Andr\u00e9s Manuel privilegia la pol\u00edtica, tomar el control pol\u00edtico del Poder Judicial que a la econom\u00eda.<\/div>\n<div>Lo ha dicho tambi\u00e9n. Entre m\u00e1s pobre el pueblo; m\u00e1s apoya al movimiento de la 4T. Tienes sus razones pol\u00edticas para que no le importe la econom\u00eda del pa\u00eds y la econom\u00eda de su gente.<\/div>\n<div>El sexenio de Andr\u00e9s Manuel ser\u00e1 el peor, el que m\u00e1s bajo crecimiento econ\u00f3mico tenga desde Miguel de la Madrid. En pocas palabras, es un retroceso en el tiempo de 36 a\u00f1os a\u00f1os contando los 6 a\u00f1os perdidos de su gobierno.<\/div>\n<div>Pero insistimos, por m\u00e1s que se le diga que lo que importa es la econom\u00eda, Andr\u00e9s insiste que es la pol\u00edtica.<\/div>\n<div>Mientras se siga apoyando con un programa social y dinero en efectivo a 30 millones de mexicanos y este vote por Morena, no importa si no hay obra social que mejore la calidad de vida de las personas, si no hay medicina y servicios m\u00e9dicos de calidad, si no se apoya al campo, si no hay seguridad p\u00fablica y si no hay crecimiento econ\u00f3mico entre otras cosas.<\/div>\n<div>En pocas palabras, Andr\u00e9s Manuel privilegi\u00f3 la pol\u00edtica en el dise\u00f1o de su presupuesto, antes que el crecimiento econ\u00f3mico.<\/div>\n<div>\u00bfPues qu\u00e9 creen? Para quienes albergan la esperanza de que con Claudia las cosas van a cambiar, ya hay noticias. No habr\u00e1 tal cambio. El presupuesto para el primer a\u00f1o del nuevo gobierno, ser\u00e1 el presupuesto de la continuidad.<\/div>\n<div>Para quienes pensaban que el pa\u00eds ya no aguantaba un a\u00f1o m\u00e1s sin crecimiento econ\u00f3mico, pues tal parece que todo seguir\u00e1 igual. Claudia ya lo adelant\u00f3. Habr\u00e1 un presupuesto de la continuidad.<\/div>\n<div>1.-A m\u00e1s tardar el 8 de septiembre el gobierno debe enviar a la C\u00e1mara de Diputados su paquete econ\u00f3mico para que en octubre inicie su discusi\u00f3n primero con la Ley de Ingresos que debe ser aprobada por ambas c\u00e1maras. A m\u00e1s tardar en noviembre, la C\u00e1mara de Diputados quienes tienen esa facultad exclusiva, deber\u00e1 aprobar el presupuesto de egresos. Hay malas noticias.<\/div>\n<div>2.-Ayer Claudia anunci\u00f3 la estructura b\u00e1sica del presupuesto 2025. Dijo que se privilegiar\u00e1n los programas sociales, las obras prioritarias del presidente L\u00f3pez Obrador que no se terminar\u00e1n -los trenes- as\u00ed como los proyectos h\u00eddricos. En pocas palabras, los mismo criterios de los \u00faltimos 6 a\u00f1os.<\/div>\n<div>No habr\u00e1 m\u00e1s dinero para el campo, para salud donde ya hace falta mantenimiento mayor a los hospitales tras 6 a\u00f1os de abandono, no habr\u00e1 dinero para dar mantenimiento a las carreteras ni para fortalecer programas propios de los Ayuntamientos como es la pavimentaci\u00f3n de calles etc.<\/div>\n<div>En pocas palabras, el presupuesto seguir\u00e1 privilegiando la pol\u00edtica y no el crecimiento econ\u00f3mico y por ende el desarrollo social.<\/div>\n<div>3.-La \u00faltima aparici\u00f3n -y de las muy pocas que tiene el Secretario de Hacienda, Rogelio Ram\u00edrez de la O-, donde reconoci\u00f3 el error de haber desaparecido a la Financiera Rural y su fideicomiso, al afirmar que dej\u00f3 un hueco muy grande en el sector productivo al dejarlo sin acceso al cr\u00e9dito, hizo pensar que habr\u00eda un cambio de rieles en la pol\u00edtica y visi\u00f3n del gobierno hacia el campo. No ser\u00e1 as\u00ed.<\/div>\n<div>La pr\u00f3xima presidenta Claudia Shienbaum no trae al campo como una prioridad o valga ya, como un tema importante en su agenda.<\/div>\n<div>4.-Pero en la conformaci\u00f3n del presupuesto hay un tema importante que adelant\u00f3 en su \u00faltima aparici\u00f3n el Secretario de Hacienda. El presidente Andr\u00e9s Manuel dejar\u00e1 el pa\u00eds con una deuda p\u00fablica \u201cdobleteada\u201d a como la recibi\u00f3. Es decir, dejar\u00e1 una deuda de 17 billones de pesos.<\/div>\n<div>La exigencia de las casas crediticias para seguir prest\u00e1ndole a M\u00e9xico o renegociar sus deudas, es la de bajar el d\u00e9ficit financiero del 5 % que tiene en 2024 al 3 por ciento para el 2025.<\/div>\n<div>Es decir, que baje el porcentaje de diferencia entre lo que capta el gobierno v\u00eda impuestos y lo que gasta, lo cual hasta ahora se cubri\u00f3 con endeudamiento.<\/div>\n<div>Esto obliga a preguntarse. \u00bfA qu\u00e9 se le quitar\u00e1 m\u00e1s recursos para recortar ese gasto exigido?<\/div>\n<div>Si Claudia seguir\u00e1 privilegiando los programas sociales, las obras insignias de la 4T y los proyectos h\u00eddricos, entonces se puede presumir que seguir\u00e1 sacrific\u00e1ndose a\u00fan m\u00e1s la educaci\u00f3n, la salud, la obra p\u00fablica, los obras de infraestructura, el campo, la pesca y todas las actividades productivas.<\/div>\n<div>En pocas palabras, si en el 2018 cuando se conoci\u00f3 la estructura del presupuesto para el primer a\u00f1o del presidente Andr\u00e9s Manuel advertimos que ven\u00edan malos tiempos para la econom\u00eda del pa\u00eds, hoy podemos decir que s\u00ed\u00a0 hay un presupuesto para la continuidad en el 2025, las cosas pueden empeorar a\u00fan m\u00e1s.<\/div>\n<div>La esperanza se esfuma.<\/div>\n<div>Habr\u00e1 que estar pendientes.<\/div>\n<div>PASO A PASITO.-Jorge Alvarez Maynez se prepara para asumir la dirigencia nacional de MC. Los cambios est\u00e1n programados para el pr\u00f3ximo mes de octubre. Dante Delgado va al Senado.<\/div>\n<div>Ya se adelanta que B\u00e1rbara Fox quien fue toda una revelaci\u00f3n como candidata trans a la diputaci\u00f3n federal por el distrito 02 de Sinaloa, puede ir a formar parte del pr\u00f3ximo Comit\u00e9 Ejecutivo Nacional.<\/div>\n<div>La inclusi\u00f3n y g\u00e9nero es una bandera que desde ya enarbola MC y B\u00e1rbara Fox pudiera ir a encabezar la secretar\u00eda de ese ramo.<\/div>\n","protected":false},"excerpt":{"rendered":"<p>TRANSICI\u00d3N La tolerancia llegar\u00e1 a tal nivel que las personas inteligentes tendr\u00e1n prohibido pensar para no ofender a los imb\u00e9ciles\u201d. Frase de Fi\u00f3dor Dostoyeski. Oswaldo Villase\u00f1or Cuando se dio a conocer la estructura y distribuci\u00f3n del gasto p\u00fablico en el primer presupuesto elaborado para el gobierno de Andr\u00e9s Manuel L\u00f3pez Obrador advertimos que ven\u00edan malos tiempos para el pa\u00eds. No hab\u00eda manera como impulsar el crecimiento econ\u00f3mico cuando el gobierno destinaba una gran cantidad de recursos que antes se empleaban en la construcci\u00f3n de obra social y de infraestructura, as\u00ed como en proyectos productivos, y ahora solo se usar\u00eda para [&hellip;]<\/p>\n","protected":false},"author":3,"featured_media":89745,"comment_status":"open","ping_status":"open","sticky":false,"template":"","format":"standard","meta":{"_jetpack_newsletter_access":"","_jetpack_dont_email_post_to_subs":false,"_jetpack_newsletter_tier_id":0,"_jetpack_memberships_contains_paywalled_content":false,"_jetpack_feature_clip_id":0,"_jetpack_memberships_contains_paid_content":false,"footnotes":"","jetpack_publicize_message":"","jetpack_publicize_feature_enabled":true,"jetpack_social_post_already_shared":true,"jetpack_social_options":{"image_generator_settings":{"template":"highway","default_image_id":0,"font":"","enabled":false},"version":2},"jetpack_post_was_ever_published":false},"categories":[91],"tags":[],"class_list":["post-99647","post","type-post","status-publish","format-standard","has-post-thumbnail","hentry","category-transicion","post--single"],"jetpack_publicize_connections":[],"jetpack_featured_media_url":"https:\/\/ovelanalista.com\/wp-content\/uploads\/2024\/02\/WhatsApp-Image-2024-02-06-at-1.55.35-PM.jpeg","jetpack_sharing_enabled":true,"_links":{"self":[{"href":"https:\/\/ovelanalista.com\/index.php?rest_route=\/wp\/v2\/posts\/99647","targetHints":{"allow":["GET"]}}],"collection":[{"href":"https:\/\/ovelanalista.com\/index.php?rest_route=\/wp\/v2\/posts"}],"about":[{"href":"https:\/\/ovelanalista.com\/index.php?rest_route=\/wp\/v2\/types\/post"}],"author":[{"embeddable":true,"href":"https:\/\/ovelanalista.com\/index.php?rest_route=\/wp\/v2\/users\/3"}],"replies":[{"embeddable":true,"href":"https:\/\/ovelanalista.com\/index.php?rest_route=%2Fwp%2Fv2%2Fcomments&post=99647"}],"version-history":[{"count":1,"href":"https:\/\/ovelanalista.com\/index.php?rest_route=\/wp\/v2\/posts\/99647\/revisions"}],"predecessor-version":[{"id":99649,"href":"https:\/\/ovelanalista.com\/index.php?rest_route=\/wp\/v2\/posts\/99647\/revisions\/99649"}],"wp:featuredmedia":[{"embeddable":true,"href":"https:\/\/ovelanalista.com\/index.php?rest_route=\/wp\/v2\/media\/89745"}],"wp:attachment":[{"href":"https:\/\/ovelanalista.com\/index.php?rest_route=%2Fwp%2Fv2%2Fmedia&parent=99647"}],"wp:term":[{"taxonomy":"category","embeddable":true,"href":"https:\/\/ovelanalista.com\/index.php?rest_route=%2Fwp%2Fv2%2Fcategories&post=99647"},{"taxonomy":"post_tag","embeddable":true,"href":"https:\/\/ovelanalista.com\/index.php?rest_route=%2Fwp%2Fv2%2Ftags&post=99647"}],"curies":[{"name":"wp","href":"https:\/\/api.w.org\/{rel}","templated":true}]}}